{"id":1003,"date":"2021-06-16T23:07:51","date_gmt":"2021-06-16T21:07:51","guid":{"rendered":"https:\/\/gopsradymno.pl\/?p=1003"},"modified":"2021-06-16T23:08:28","modified_gmt":"2021-06-16T21:08:28","slug":"1003","status":"publish","type":"post","link":"https:\/\/gopsradymno.pl\/index.php\/2021\/06\/16\/1003\/","title":{"rendered":"Karta Du\u017cej Rodziny &#8211; informacja"},"content":{"rendered":"<p align=\"justify\"><img loading=\"lazy\" decoding=\"async\" class=\"size-medium wp-image-1004 alignleft\" src=\"https:\/\/gopsradymno.pl\/wp-content\/uploads\/2021\/06\/Karta-Duz\u0307ej-Rodziny-300x162.png\" alt=\"\" width=\"300\" height=\"162\" srcset=\"https:\/\/gopsradymno.pl\/wp-content\/uploads\/2021\/06\/Karta-Duz\u0307ej-Rodziny-300x162.png 300w, https:\/\/gopsradymno.pl\/wp-content\/uploads\/2021\/06\/Karta-Duz\u0307ej-Rodziny-150x81.png 150w, https:\/\/gopsradymno.pl\/wp-content\/uploads\/2021\/06\/Karta-Duz\u0307ej-Rodziny.png 474w\" sizes=\"auto, (max-width: 300px) 100vw, 300px\" \/><\/p>\n<p align=\"justify\"><span style=\"color: #000000;\"><span style=\"font-family: Times New Roman, serif;\"><span style=\"font-size: medium;\">W zwi\u0105zku z nowelizacj\u0105 ustawy z dnia 5 grudnia 2014r. o Karcie Du\u017cej Rodziny, informujemy, i\u017c od dnia\u00a0<\/span><\/span><\/span><b><span style=\"color: #000000;\"><span style=\"font-family: Times New Roman, serif;\"><span style=\"font-size: medium;\">9 czerwca 2021r.<\/span><\/span><\/span><\/b><span style=\"color: #000000;\"><span style=\"font-family: Times New Roman, serif;\"><span style=\"font-size: medium;\">\u00a0<\/span><\/span><\/span><b><span style=\"color: #000000;\"><span style=\"font-family: Times New Roman, serif;\"><span style=\"font-size: medium;\">wszystkie aktywne Og\u00f3lnopolskie Karty Du\u017cej Rodziny uzyskaj\u0105 form\u0119 elektroniczn\u0105.\u00a0<\/span><\/span><\/span><\/b><span style=\"color: #000000;\"><span style=\"font-family: Times New Roman, serif;\"><span style=\"font-size: medium;\">Ka\u017cdy posiadacz aktywnej Karty (niezale\u017cnie, czy posiada\u0142 Kart\u0119 w formie tradycyjnej, elektronicznej, czy obu) b\u0119dzie m\u00f3g\u0142 wy\u015bwietli\u0107 j\u0105 w aplikacji\u00a0<\/span><\/span><\/span><b><a href=\"https:\/\/www.gov.pl\/web\/mobywatel\/mobywatel-dokument\"><span style=\"color: #000000;\"><span style=\"font-family: Times New Roman, serif;\"><span style=\"font-size: medium;\">mObywatel<\/span><\/span><\/span><\/a><\/b><span style=\"color: #000000;\"><span style=\"font-family: Times New Roman, serif;\"><span style=\"font-size: medium;\">\u00a0(dawniej aplikacja mTo\u017csamo\u015b\u0107)<\/span><\/span><\/span><b><span style=\"color: #000000;\"><span style=\"font-family: Times New Roman, serif;\"><span style=\"font-size: medium;\">.<\/span><\/span><\/span><\/b><\/p>\n<p align=\"justify\"><span style=\"color: #000000;\"><span style=\"font-family: Times New Roman, serif;\"><span style=\"font-size: medium;\"><b><br \/>\n<\/b><\/span><\/span><\/span><b><span style=\"color: #000000;\"><span style=\"font-family: Times New Roman, serif;\"><span style=\"font-size: medium;\">Jednocze\u015bnie informujemy, i\u017c aplikacja mKDR zostanie zamkni\u0119ta z ko\u0144cem czerwca 2021r. Elektroniczna KDR zostanie przeniesiona do publicznej aplikacji mobilnej mObywatel<\/span><\/span><\/span><\/b><span style=\"color: #000000;\"><span style=\"font-family: Times New Roman, serif;\"><span style=\"font-size: medium;\">. Do aktywowania mObywatela wymagane jest posiadanie Profilu Zaufanego. Osoby, kt\u00f3re nie maj\u0105 dost\u0119pu do aplikacji mObywatel (np. cudzoziemcy), b\u0119d\u0105 musia\u0142y pozosta\u0107 przy Kartach tradycyjnych.<\/span><\/span><\/span><\/p>\n<p align=\"justify\"><span style=\"color: #000000;\"><span style=\"font-family: Times New Roman, serif;\"><span style=\"font-size: medium;\"><br \/>\n<\/span><\/span><\/span><span style=\"color: #000000;\"><span style=\"font-family: Times New Roman, serif;\"><span style=\"font-size: medium;\">Ponadto od 9 czerwca 2021r. op\u0142ata za duplikat i za dom\u00f3wienie tradycyjnej formy karty b\u0119dzie wynosi\u0142a\u00a0<\/span><\/span><\/span><b><span style=\"color: #000000;\"><span style=\"font-family: Times New Roman, serif;\"><span style=\"font-size: medium;\">10 <\/span><\/span><\/span><\/b><b><span style=\"color: #000000;\"><span style=\"font-family: Times New Roman, serif;\"><span style=\"font-size: medium;\">z\u0142.<\/span><\/span><\/span><\/b><\/p>\n","protected":false},"excerpt":{"rendered":"<p>W zwi\u0105zku z nowelizacj\u0105 ustawy z dnia 5 grudnia 2014r. o Karcie Du\u017cej Rodziny, informujemy, i\u017c od dnia\u00a09 czerwca 2021r.\u00a0wszystkie aktywne Og\u00f3lnopolskie Karty Du\u017cej Rodziny uzyskaj\u0105 form\u0119 elektroniczn\u0105.\u00a0Ka\u017cdy posiadacz aktywnej Karty (niezale\u017cnie, czy posiada\u0142 Kart\u0119 w formie tradycyjnej, elektronicznej, czy obu) b\u0119dzie m\u00f3g\u0142 wy\u015bwietli\u0107 j\u0105 w aplikacji\u00a0mObywatel\u00a0(dawniej aplikacja mTo\u017csamo\u015b\u0107). Jednocze\u015bnie informujemy, i\u017c aplikacja mKDR zostanie zamkni\u0119ta z ko\u0144cem czerwca 2021r. Elektroniczna KDR zostanie przeniesiona do publicznej aplikacji mobilnej mObywatel. Do aktywowania mObywatela wymagane jest posiadanie Profilu Zaufanego. Osoby, kt\u00f3re nie maj\u0105 dost\u0119pu do aplikacji mObywatel (np. cudzoziemcy), b\u0119d\u0105 musia\u0142y pozosta\u0107 przy Kartach tradycyjnych. Ponadto od 9 czerwca 2021r. op\u0142ata za\u2026<\/p>\n<p> <a class=\"continue-reading-link\" href=\"https:\/\/gopsradymno.pl\/index.php\/2021\/06\/16\/1003\/\"><span>Wi\u0119cej<\/span><i class=\"crycon-right-dir\"><\/i><\/a> <\/p>\n","protected":false},"author":2,"featured_media":0,"comment_status":"closed","ping_status":"open","sticky":false,"template":"","format":"standard","meta":{"footnotes":""},"categories":[1,27],"tags":[],"class_list":["post-1003","post","type-post","status-publish","format-standard","hentry","category-aktualnosci","category-aktualnoscihp"],"_links":{"self":[{"href":"https:\/\/gopsradymno.pl\/index.php\/wp-json\/wp\/v2\/posts\/1003","targetHints":{"allow":["GET"]}}],"collection":[{"href":"https:\/\/gopsradymno.pl\/index.php\/wp-json\/wp\/v2\/posts"}],"about":[{"href":"https:\/\/gopsradymno.pl\/index.php\/wp-json\/wp\/v2\/types\/post"}],"author":[{"embeddable":true,"href":"https:\/\/gopsradymno.pl\/index.php\/wp-json\/wp\/v2\/users\/2"}],"replies":[{"embeddable":true,"href":"https:\/\/gopsradymno.pl\/index.php\/wp-json\/wp\/v2\/comments?post=1003"}],"version-history":[{"count":3,"href":"https:\/\/gopsradymno.pl\/index.php\/wp-json\/wp\/v2\/posts\/1003\/revisions"}],"predecessor-version":[{"id":1007,"href":"https:\/\/gopsradymno.pl\/index.php\/wp-json\/wp\/v2\/posts\/1003\/revisions\/1007"}],"wp:attachment":[{"href":"https:\/\/gopsradymno.pl\/index.php\/wp-json\/wp\/v2\/media?parent=1003"}],"wp:term":[{"taxonomy":"category","embeddable":true,"href":"https:\/\/gopsradymno.pl\/index.php\/wp-json\/wp\/v2\/categories?post=1003"},{"taxonomy":"post_tag","embeddable":true,"href":"https:\/\/gopsradymno.pl\/index.php\/wp-json\/wp\/v2\/tags?post=1003"}],"curies":[{"name":"wp","href":"https:\/\/api.w.org\/{rel}","templated":true}]}}