{"id":1008,"date":"2021-06-22T22:52:30","date_gmt":"2021-06-22T20:52:30","guid":{"rendered":"https:\/\/gopsradymno.pl\/?p=1008"},"modified":"2021-06-22T23:00:26","modified_gmt":"2021-06-22T21:00:26","slug":"swiadczenie-dobry-start","status":"publish","type":"post","link":"https:\/\/gopsradymno.pl\/index.php\/2021\/06\/22\/swiadczenie-dobry-start\/","title":{"rendered":"\u015aWIADCZENIE DOBRY START"},"content":{"rendered":"<p><img loading=\"lazy\" decoding=\"async\" class=\"wp-image-1011 aligncenter\" src=\"https:\/\/gopsradymno.pl\/wp-content\/uploads\/2021\/06\/Zrzut-ekranu-2021-06-22-o-23.00.10-300x41.png\" alt=\"\" width=\"754\" height=\"103\" srcset=\"https:\/\/gopsradymno.pl\/wp-content\/uploads\/2021\/06\/Zrzut-ekranu-2021-06-22-o-23.00.10-300x41.png 300w, https:\/\/gopsradymno.pl\/wp-content\/uploads\/2021\/06\/Zrzut-ekranu-2021-06-22-o-23.00.10-768x104.png 768w, https:\/\/gopsradymno.pl\/wp-content\/uploads\/2021\/06\/Zrzut-ekranu-2021-06-22-o-23.00.10-150x20.png 150w, https:\/\/gopsradymno.pl\/wp-content\/uploads\/2021\/06\/Zrzut-ekranu-2021-06-22-o-23.00.10.png 942w\" sizes=\"auto, (max-width: 754px) 100vw, 754px\" \/><\/p>\n<p class=\"p2\"><span class=\"s2\"><b>Od dnia 01.07.2021 r. <\/b><\/span><span class=\"s1\"><b>obs\u0142ug\u0119 \u015bwiadcze\u0144 Dobry Start prowadzi\u00a0<\/b><a href=\"https:\/\/www.zus.pl\/\"><span class=\"s3\"><b>Zak\u0142ad Ubezpiecze\u0144 Spo\u0142ecznych<\/b><\/span><\/a><b>.<\/b><\/span><\/p>\n<p class=\"p2\"><span class=\"s1\"><b>Dodatkowe informacje na temat zmian w programie &#8222;Dobry Start&#8221; mo\u017cna znale\u017a\u0107 na stronie\u00a0<\/b><a href=\"https:\/\/www.gov.pl\/web\/rodzina\/program-dobry-start-na-nowych-zasadach\"><span class=\"s3\"><b>Ministerstwa Rodziny i Polityki Spo\u0142ecznej<\/b><\/span><\/a><b>.<\/b><\/span><\/p>\n","protected":false},"excerpt":{"rendered":"<p>Od dnia 01.07.2021 r. obs\u0142ug\u0119 \u015bwiadcze\u0144 Dobry Start prowadzi\u00a0Zak\u0142ad Ubezpiecze\u0144 Spo\u0142ecznych. Dodatkowe informacje na temat zmian w programie &#8222;Dobry Start&#8221; mo\u017cna znale\u017a\u0107 na stronie\u00a0Ministerstwa Rodziny i Polityki Spo\u0142ecznej.<\/p>\n<p> <a class=\"continue-reading-link\" href=\"https:\/\/gopsradymno.pl\/index.php\/2021\/06\/22\/swiadczenie-dobry-start\/\"><span>Wi\u0119cej<\/span><i class=\"crycon-right-dir\"><\/i><\/a> <\/p>\n","protected":false},"author":2,"featured_media":0,"comment_status":"closed","ping_status":"open","sticky":false,"template":"","format":"standard","meta":{"footnotes":""},"categories":[1,27],"tags":[],"class_list":["post-1008","post","type-post","status-publish","format-standard","hentry","category-aktualnosci","category-aktualnoscihp"],"_links":{"self":[{"href":"https:\/\/gopsradymno.pl\/index.php\/wp-json\/wp\/v2\/posts\/1008","targetHints":{"allow":["GET"]}}],"collection":[{"href":"https:\/\/gopsradymno.pl\/index.php\/wp-json\/wp\/v2\/posts"}],"about":[{"href":"https:\/\/gopsradymno.pl\/index.php\/wp-json\/wp\/v2\/types\/post"}],"author":[{"embeddable":true,"href":"https:\/\/gopsradymno.pl\/index.php\/wp-json\/wp\/v2\/users\/2"}],"replies":[{"embeddable":true,"href":"https:\/\/gopsradymno.pl\/index.php\/wp-json\/wp\/v2\/comments?post=1008"}],"version-history":[{"count":3,"href":"https:\/\/gopsradymno.pl\/index.php\/wp-json\/wp\/v2\/posts\/1008\/revisions"}],"predecessor-version":[{"id":1012,"href":"https:\/\/gopsradymno.pl\/index.php\/wp-json\/wp\/v2\/posts\/1008\/revisions\/1012"}],"wp:attachment":[{"href":"https:\/\/gopsradymno.pl\/index.php\/wp-json\/wp\/v2\/media?parent=1008"}],"wp:term":[{"taxonomy":"category","embeddable":true,"href":"https:\/\/gopsradymno.pl\/index.php\/wp-json\/wp\/v2\/categories?post=1008"},{"taxonomy":"post_tag","embeddable":true,"href":"https:\/\/gopsradymno.pl\/index.php\/wp-json\/wp\/v2\/tags?post=1008"}],"curies":[{"name":"wp","href":"https:\/\/api.w.org\/{rel}","templated":true}]}}