{"id":1015,"date":"2021-11-30T13:16:58","date_gmt":"2021-11-30T12:16:58","guid":{"rendered":"https:\/\/gopsradymno.pl\/?p=1015"},"modified":"2021-11-30T13:16:58","modified_gmt":"2021-11-30T12:16:58","slug":"kampania-16-dni-bez-przemocy","status":"publish","type":"post","link":"https:\/\/gopsradymno.pl\/index.php\/2021\/11\/30\/kampania-16-dni-bez-przemocy\/","title":{"rendered":"Kampania \u201e16 Dni Bez Przemocy\u201d"},"content":{"rendered":"<p class=\"p2\"><span class=\"s1\">16 Dni Akcji Przeciw Przemocy ze wzgl\u0119du na P\u0142e\u0107 to mi\u0119dzynarodowa kampania, kt\u00f3ra ma na celu wyeliminowanie wszelkich form przemocy ze wzgl\u0119du na P\u0142e\u0107, organizowana przez Center for Women\u2019s Global Leadership, po\u015bwi\u0119cona wspieraniu i koordynacji pracy na poziomie lokalnym, pa\u0144stwowym i mi\u0119dzynarodowym.\u00a0Na kampani\u0119 wybrano dni pomi\u0119dzy 25 listopada (Mi\u0119dzynarodowym Dniem Przeciw Przemocy Wobec Kobiet) a 10 grudnia<span class=\"Apple-converted-space\">\u00a0<\/span>(Mi\u0119dzynarodowym Dniem Praw Cz\u0142owieka), aby symbolicznie zaznaczy\u0107 zwi\u0105zek pomi\u0119dzy przemoc\u0105 wobec kobiet a naruszeniem praw cz\u0142owieka.<\/span><\/p>\n<p class=\"p2\"><span class=\"s1\">Czemu s\u0142u\u017cy Kampania?<\/span><\/p>\n<p class=\"p2\"><span class=\"s1\">Wsp\u00f3lnym celem os\u00f3b i organizacji z ca\u0142ego \u015bwiata, zaanga\u017cowanych w Kampani\u0119 16 Dni Akcji, jest wyeliminowanie wszelkich form przemocy wobec kobiet poprzez:<\/span><\/p>\n<ul class=\"ul1\">\n<li class=\"li2\"><span class=\"s1\">rozw\u00f3j \u015bwiadomo\u015bci, i\u017c przemoc ze wzgl\u0119du na p\u0142e\u0107 stanowi pogwa\u0142cenie praw cz\u0142owieka,<\/span><\/li>\n<li class=\"li2\"><span class=\"s1\">wzmocnienie lokalnych struktur przeciwdzia\u0142aj\u0105cych przemocy wobec kobiet,<\/span><\/li>\n<li class=\"li2\"><span class=\"s1\">budowanie powi\u0105za\u0144 pomi\u0119dzy lokalnymi i mi\u0119dzynarodowymi inicjatywami na rzecz powstrzymania przemocy wobec kobiet,<\/span><\/li>\n<li class=\"li2\"><span class=\"s1\">zastosowanie metod pozwalaj\u0105cych na rozwijanie i odkrywanie nowych i skutecznych strategii,<\/span><\/li>\n<li class=\"li2\"><span class=\"s1\">wzmacnianie solidarno\u015bci kobiet na ca\u0142ym \u015bwiecie, organizuj\u0105cych si\u0119 by przeciwdzia\u0142a\u0107 przemocy wobec kobiet,<\/span><\/li>\n<li class=\"li2\"><span class=\"s1\">tworzenie narz\u0119dzi nacisku na rz\u0105dy, aby wywi\u0105za\u0142y si\u0119 z obietnic powstrzymania przemocy wobec kobiet.<\/span><\/li>\n<\/ul>\n<p class=\"p2\"><span class=\"s1\">Polska strona kampanii : <a href=\"http:\/\/kampania16dni.pl\"><span class=\"s3\"><b>http:\/\/kampania16dni.pl\u00a0<\/b><\/span><\/a><\/span><\/p>\n<p class=\"p2\"><span class=\"s1\">W ramach wsp\u00f3\u0142pracy Gminnego O\u015brodka Pomocy Spo\u0142ecznej w Radymnie z Zespo\u0142em Kuratorskiej S\u0142u\u017cby S\u0105dowej w Jaros\u0142awiu zosta\u0142y zaplanowane dy\u017cury Kuratora Zawodowego w Gminnym O\u015brodku Pomocy Spo\u0142ecznej w Radymnie ul. Lwowska 38, parter, pok\u00f3j nr. 3 w dniach:<span class=\"Apple-converted-space\">\u00a0 <\/span><b>06.12.2021r. w godzinach 9<\/b><\/span><span class=\"s4\"><b><sup>00 <\/sup><\/b><\/span><span class=\"s1\"><b>\u2013 13<\/b><\/span><span class=\"s4\"><b><sup>00 <\/sup><\/b><\/span><span class=\"s1\"><b> oraz<span class=\"Apple-converted-space\">\u00a0 <\/span>07.12.2021r. w godzinach 11<\/b><\/span><span class=\"s4\"><b><sup>00 <\/sup><\/b><\/span><span class=\"s1\"><b>\u2013 13<\/b><\/span><span class=\"s4\"><b><sup>00<\/sup><\/b><\/span><span class=\"s1\"><b>. <\/b><\/span><\/p>\n<p class=\"p2\"><span class=\"s5\"><b>Z uwagi na epidemi\u0119 COVID-19 prosimy o wcze\u015bniejsze telefoniczne zg\u0142oszenie wizyty \u2013 telefon: 16\u00a0628 10 05<\/b><\/span><\/p>\n","protected":false},"excerpt":{"rendered":"<p>16 Dni Akcji Przeciw Przemocy ze wzgl\u0119du na P\u0142e\u0107 to mi\u0119dzynarodowa kampania, kt\u00f3ra ma na celu wyeliminowanie wszelkich form przemocy ze wzgl\u0119du na P\u0142e\u0107, organizowana przez Center for Women\u2019s Global Leadership, po\u015bwi\u0119cona wspieraniu i koordynacji pracy na poziomie lokalnym, pa\u0144stwowym i mi\u0119dzynarodowym.\u00a0Na kampani\u0119 wybrano dni pomi\u0119dzy 25 listopada (Mi\u0119dzynarodowym Dniem Przeciw Przemocy Wobec Kobiet) a 10 grudnia\u00a0(Mi\u0119dzynarodowym Dniem Praw Cz\u0142owieka), aby symbolicznie zaznaczy\u0107 zwi\u0105zek pomi\u0119dzy przemoc\u0105 wobec kobiet a naruszeniem praw cz\u0142owieka. Czemu s\u0142u\u017cy Kampania? Wsp\u00f3lnym celem os\u00f3b i organizacji z ca\u0142ego \u015bwiata, zaanga\u017cowanych w Kampani\u0119 16 Dni Akcji, jest wyeliminowanie wszelkich form przemocy wobec kobiet poprzez: rozw\u00f3j \u015bwiadomo\u015bci, i\u017c\u2026<\/p>\n<p> <a class=\"continue-reading-link\" href=\"https:\/\/gopsradymno.pl\/index.php\/2021\/11\/30\/kampania-16-dni-bez-przemocy\/\"><span>Wi\u0119cej<\/span><i class=\"crycon-right-dir\"><\/i><\/a> <\/p>\n","protected":false},"author":2,"featured_media":0,"comment_status":"closed","ping_status":"open","sticky":false,"template":"","format":"standard","meta":{"footnotes":""},"categories":[1,27],"tags":[],"class_list":["post-1015","post","type-post","status-publish","format-standard","hentry","category-aktualnosci","category-aktualnoscihp"],"_links":{"self":[{"href":"https:\/\/gopsradymno.pl\/index.php\/wp-json\/wp\/v2\/posts\/1015","targetHints":{"allow":["GET"]}}],"collection":[{"href":"https:\/\/gopsradymno.pl\/index.php\/wp-json\/wp\/v2\/posts"}],"about":[{"href":"https:\/\/gopsradymno.pl\/index.php\/wp-json\/wp\/v2\/types\/post"}],"author":[{"embeddable":true,"href":"https:\/\/gopsradymno.pl\/index.php\/wp-json\/wp\/v2\/users\/2"}],"replies":[{"embeddable":true,"href":"https:\/\/gopsradymno.pl\/index.php\/wp-json\/wp\/v2\/comments?post=1015"}],"version-history":[{"count":1,"href":"https:\/\/gopsradymno.pl\/index.php\/wp-json\/wp\/v2\/posts\/1015\/revisions"}],"predecessor-version":[{"id":1016,"href":"https:\/\/gopsradymno.pl\/index.php\/wp-json\/wp\/v2\/posts\/1015\/revisions\/1016"}],"wp:attachment":[{"href":"https:\/\/gopsradymno.pl\/index.php\/wp-json\/wp\/v2\/media?parent=1015"}],"wp:term":[{"taxonomy":"category","embeddable":true,"href":"https:\/\/gopsradymno.pl\/index.php\/wp-json\/wp\/v2\/categories?post=1015"},{"taxonomy":"post_tag","embeddable":true,"href":"https:\/\/gopsradymno.pl\/index.php\/wp-json\/wp\/v2\/tags?post=1015"}],"curies":[{"name":"wp","href":"https:\/\/api.w.org\/{rel}","templated":true}]}}