{"id":1113,"date":"2022-11-04T23:27:00","date_gmt":"2022-11-04T22:27:00","guid":{"rendered":"https:\/\/gopsradymno.pl\/?p=1113"},"modified":"2022-11-15T23:31:26","modified_gmt":"2022-11-15T22:31:26","slug":"asystent-osoby-niepelnosprawnej-edycja-2023","status":"publish","type":"post","link":"https:\/\/gopsradymno.pl\/index.php\/2022\/11\/04\/asystent-osoby-niepelnosprawnej-edycja-2023\/","title":{"rendered":"ASYSTENT OSOBY NIEPE\u0141NOSPRAWNEJ \u2013 EDYCJA 2023"},"content":{"rendered":"\n<p><\/p>\n\n\n\n<p>&nbsp;Gminny O\u015brodek Pomocy Spo\u0142ecznej w Radymnie<a><\/a> informuje, \u017ce zosta\u0142 og\u0142oszony nab\u00f3r uczestnik\u00f3w do Programu \u201eAsystent Osoby Niepe\u0142nosprawnej\u201d \u2013 edycja 2023 finansowanego ze \u015brodk\u00f3w Funduszu Solidarno\u015bciowego.<\/p>\n\n\n\n<p>&nbsp;G\u0142\u00f3wnym celem Programu jest wprowadzenie us\u0142ug asystencji osobistej jako formy og\u00f3lnodost\u0119pnego wsparcia w wykonywaniu codziennych czynno\u015bci oraz funkcjonowaniu w \u017cyciu spo\u0142ecznym.<\/p>\n\n\n\n<p>&nbsp;Adresatami Programu s\u0105:<\/p>\n\n\n\n<p>osoby niepe\u0142nosprawne posiadaj\u0105ce orzeczenie:<\/p>\n\n\n\n<ol class=\"wp-block-list\" type=\"a\"><li>o znacznym stopniu niepe\u0142nosprawno\u015bci albo<\/li><li>o umiarkowanym stopniu niepe\u0142nosprawno\u015bci albo<\/li><li>traktowane na r\u00f3wni z orzeczeniami wymienionymi w lit. a i b, zgodnie z art. 5<br>i art. 62 ustawy z dnia 27 sierpnia 1997 r. o rehabilitacji zawodowej<br>i spo\u0142ecznej oraz zatrudnianiu os\u00f3b niepe\u0142nosprawnych (Dz. U. z 2021 r. poz. 573<br>z p\u00f3\u017an. zm.).<\/li><\/ol>\n\n\n\n<p>&nbsp;Tre\u015b\u0107 Programu wraz z za\u0142\u0105cznikami dost\u0119pna jest na stronie Pe\u0142nomocnika Rz\u0105du ds. Os\u00f3b Niepe\u0142nosprawnych pod adresem:<\/p>\n\n\n\n<p><a href=\"https:\/\/niepelnosprawni.gov.pl\/a,1417,nabor-wnioskow-w-ramach-programu-resortowego-ministra-rodziny-i-polityki-spolecznej-pn-asystent-osobisty-osoby-niepelnosprawnej-edycja-2023\">asystent osoby niepe\u0142nosprawnej<\/a><\/p>\n\n\n\n<p>&nbsp;<strong>Uczestnik programu za us\u0142ugi asystencji osobistej nie ponosi odp\u0142atno\u015bci.<\/strong><\/p>\n\n\n\n<p>&nbsp;<strong>W celu uzyskania szczeg\u00f3\u0142owych informacji oraz zg\u0142oszenia ch\u0119ci uczestnictwa<br>w Programie prosimy o kontakt z Gminnym O\u015brodkiem Pomocy Spo\u0142ecznej w Radymnie do 09.11.2022 r osobi\u015bcie lub telefonicznie 16&nbsp;628 10 05<\/strong><\/p>\n","protected":false},"excerpt":{"rendered":"<p>&nbsp;Gminny O\u015brodek Pomocy Spo\u0142ecznej w Radymnie informuje, \u017ce zosta\u0142 og\u0142oszony nab\u00f3r uczestnik\u00f3w do Programu \u201eAsystent Osoby Niepe\u0142nosprawnej\u201d \u2013 edycja 2023 finansowanego ze \u015brodk\u00f3w Funduszu Solidarno\u015bciowego. &nbsp;G\u0142\u00f3wnym celem Programu jest wprowadzenie us\u0142ug asystencji osobistej jako formy og\u00f3lnodost\u0119pnego wsparcia w wykonywaniu codziennych czynno\u015bci oraz funkcjonowaniu w \u017cyciu spo\u0142ecznym. &nbsp;Adresatami Programu s\u0105: osoby niepe\u0142nosprawne posiadaj\u0105ce orzeczenie: o znacznym stopniu niepe\u0142nosprawno\u015bci albo o umiarkowanym stopniu niepe\u0142nosprawno\u015bci albo traktowane na r\u00f3wni z orzeczeniami wymienionymi w lit. a i b, zgodnie z art. 5i art. 62 ustawy z dnia 27 sierpnia 1997 r. o rehabilitacji zawodoweji spo\u0142ecznej oraz zatrudnianiu os\u00f3b niepe\u0142nosprawnych (Dz. U. z 2021 r.\u2026<\/p>\n<p> <a class=\"continue-reading-link\" href=\"https:\/\/gopsradymno.pl\/index.php\/2022\/11\/04\/asystent-osoby-niepelnosprawnej-edycja-2023\/\"><span>Wi\u0119cej<\/span><i class=\"crycon-right-dir\"><\/i><\/a> <\/p>\n","protected":false},"author":2,"featured_media":0,"comment_status":"closed","ping_status":"open","sticky":false,"template":"","format":"standard","meta":{"footnotes":""},"categories":[1,27],"tags":[],"class_list":["post-1113","post","type-post","status-publish","format-standard","hentry","category-aktualnosci","category-aktualnoscihp"],"_links":{"self":[{"href":"https:\/\/gopsradymno.pl\/index.php\/wp-json\/wp\/v2\/posts\/1113","targetHints":{"allow":["GET"]}}],"collection":[{"href":"https:\/\/gopsradymno.pl\/index.php\/wp-json\/wp\/v2\/posts"}],"about":[{"href":"https:\/\/gopsradymno.pl\/index.php\/wp-json\/wp\/v2\/types\/post"}],"author":[{"embeddable":true,"href":"https:\/\/gopsradymno.pl\/index.php\/wp-json\/wp\/v2\/users\/2"}],"replies":[{"embeddable":true,"href":"https:\/\/gopsradymno.pl\/index.php\/wp-json\/wp\/v2\/comments?post=1113"}],"version-history":[{"count":3,"href":"https:\/\/gopsradymno.pl\/index.php\/wp-json\/wp\/v2\/posts\/1113\/revisions"}],"predecessor-version":[{"id":1117,"href":"https:\/\/gopsradymno.pl\/index.php\/wp-json\/wp\/v2\/posts\/1113\/revisions\/1117"}],"wp:attachment":[{"href":"https:\/\/gopsradymno.pl\/index.php\/wp-json\/wp\/v2\/media?parent=1113"}],"wp:term":[{"taxonomy":"category","embeddable":true,"href":"https:\/\/gopsradymno.pl\/index.php\/wp-json\/wp\/v2\/categories?post=1113"},{"taxonomy":"post_tag","embeddable":true,"href":"https:\/\/gopsradymno.pl\/index.php\/wp-json\/wp\/v2\/tags?post=1113"}],"curies":[{"name":"wp","href":"https:\/\/api.w.org\/{rel}","templated":true}]}}