{"id":1118,"date":"2022-11-04T23:33:00","date_gmt":"2022-11-04T22:33:00","guid":{"rendered":"https:\/\/gopsradymno.pl\/?p=1118"},"modified":"2022-11-15T23:34:49","modified_gmt":"2022-11-15T22:34:49","slug":"opieka-wytchnieniowa-edycja-2023","status":"publish","type":"post","link":"https:\/\/gopsradymno.pl\/index.php\/2022\/11\/04\/opieka-wytchnieniowa-edycja-2023\/","title":{"rendered":"OPIEKA WYTCHNIENIOWA \u2013 EDYCJA 2023"},"content":{"rendered":"\n<p><\/p>\n\n\n\n<p>&nbsp;Gminny O\u015brodek Pomocy Spo\u0142ecznej w Radymnie<a><\/a> informuje, \u017ce zosta\u0142 og\u0142oszony nab\u00f3r uczestnik\u00f3w do Programu \u201eOpieka wytchnieniow\u0105\u201d \u2013 edycja 2023 finansowanego ze \u015brodk\u00f3w Funduszu Solidarno\u015bciowego.<\/p>\n\n\n\n<p>&nbsp;G\u0142\u00f3wnym celem Programu jest wsparcie cz\u0142onk\u00f3w rodzin lub opiekun\u00f3w sprawuj\u0105cych bezpo\u015bredni\u0105 opiek\u0119 nad:<\/p>\n\n\n\n<ol class=\"wp-block-list\" type=\"1\"><li>dzie\u0107mi z orzeczeniem o niepe\u0142nosprawno\u015bci;<\/li><li>osobami niepe\u0142nosprawnymi posiadaj\u0105cymi:<\/li><\/ol>\n\n\n\n<ol class=\"wp-block-list\" type=\"a\"><li>orzeczenie o znacznym stopniu niepe\u0142nosprawno\u015bci albo<\/li><li>orzeczenie traktowane na r\u00f3wni z orzeczeniem wymienionym w lit. a, zgodnie z art. 5 i art. 62 ustawy z&nbsp;dnia 27 sierpnia 1997 r. o rehabilitacji zawodowej i spo\u0142ecznej oraz zatrudnianiu os\u00f3b niepe\u0142nosprawnych (Dz. U. z 2021 r. poz. 573, z p\u00f3\u017an. zm.).<\/li><\/ol>\n\n\n\n<p>&#8211; poprzez mo\u017cliwo\u015b\u0107 uzyskania dora\u017anej, czasowej pomocy w formie us\u0142ugi opieki wytchnieniowej.<\/p>\n\n\n\n<p>Program realizowany jest w dw\u00f3ch formach:<\/p>\n\n\n\n<ol class=\"wp-block-list\" type=\"1\"><li>\u015bwiadczenia us\u0142ug opieki wytchnieniowej w ramach pobytu dziennego,<\/li><li>\u015bwiadczenia us\u0142ug opieki wytchnieniowej w ramach pobytu ca\u0142odobowego.<\/li><\/ol>\n\n\n\n<p>&nbsp;Tre\u015b\u0107 Programu wraz z za\u0142\u0105cznikami dost\u0119pna jest na stronie Pe\u0142nomocnika Rz\u0105du ds. Os\u00f3b Niepe\u0142nosprawnych pod adresem:<\/p>\n\n\n\n<p><a href=\"https:\/\/niepelnosprawni.gov.pl\/a,1419,nabor-wnioskow-w-ramach-programu resortowego ministra-rodziny-i-polityki-spolecznej-opieka-wytchnieniowa-edycja-2023\" target=\"_blank\" rel=\"noreferrer noopener\">opieka wytchnieniowa &#8211; edycja 2023<\/a><\/p>\n\n\n\n<p><\/p>\n\n\n\n<p>&nbsp;<strong>Uczestnik programu za us\u0142ugi opieki wytchnieniowej nie ponosi odp\u0142atno\u015bci.<\/strong><\/p>\n\n\n\n<p>&nbsp;<strong>W celu uzyskania szczeg\u00f3\u0142owych informacji oraz zg\u0142oszenia ch\u0119ci uczestnictwa<br>w Programie prosimy o kontakt z Gminnym O\u015brodkiem Pomocy Spo\u0142ecznej w Radymnie do 09.11.2022 r osobi\u015bcie lub telefonicznie 16&nbsp;628 10 05<\/strong><\/p>\n","protected":false},"excerpt":{"rendered":"<p>&nbsp;Gminny O\u015brodek Pomocy Spo\u0142ecznej w Radymnie informuje, \u017ce zosta\u0142 og\u0142oszony nab\u00f3r uczestnik\u00f3w do Programu \u201eOpieka wytchnieniow\u0105\u201d \u2013 edycja 2023 finansowanego ze \u015brodk\u00f3w Funduszu Solidarno\u015bciowego. &nbsp;G\u0142\u00f3wnym celem Programu jest wsparcie cz\u0142onk\u00f3w rodzin lub opiekun\u00f3w sprawuj\u0105cych bezpo\u015bredni\u0105 opiek\u0119 nad: dzie\u0107mi z orzeczeniem o niepe\u0142nosprawno\u015bci; osobami niepe\u0142nosprawnymi posiadaj\u0105cymi: orzeczenie o znacznym stopniu niepe\u0142nosprawno\u015bci albo orzeczenie traktowane na r\u00f3wni z orzeczeniem wymienionym w lit. a, zgodnie z art. 5 i art. 62 ustawy z&nbsp;dnia 27 sierpnia 1997 r. o rehabilitacji zawodowej i spo\u0142ecznej oraz zatrudnianiu os\u00f3b niepe\u0142nosprawnych (Dz. U. z 2021 r. poz. 573, z p\u00f3\u017an. zm.). &#8211; poprzez mo\u017cliwo\u015b\u0107 uzyskania dora\u017anej, czasowej pomocy\u2026<\/p>\n<p> <a class=\"continue-reading-link\" href=\"https:\/\/gopsradymno.pl\/index.php\/2022\/11\/04\/opieka-wytchnieniowa-edycja-2023\/\"><span>Wi\u0119cej<\/span><i class=\"crycon-right-dir\"><\/i><\/a> <\/p>\n","protected":false},"author":2,"featured_media":0,"comment_status":"closed","ping_status":"open","sticky":false,"template":"","format":"standard","meta":{"footnotes":""},"categories":[1,27],"tags":[],"class_list":["post-1118","post","type-post","status-publish","format-standard","hentry","category-aktualnosci","category-aktualnoscihp"],"_links":{"self":[{"href":"https:\/\/gopsradymno.pl\/index.php\/wp-json\/wp\/v2\/posts\/1118","targetHints":{"allow":["GET"]}}],"collection":[{"href":"https:\/\/gopsradymno.pl\/index.php\/wp-json\/wp\/v2\/posts"}],"about":[{"href":"https:\/\/gopsradymno.pl\/index.php\/wp-json\/wp\/v2\/types\/post"}],"author":[{"embeddable":true,"href":"https:\/\/gopsradymno.pl\/index.php\/wp-json\/wp\/v2\/users\/2"}],"replies":[{"embeddable":true,"href":"https:\/\/gopsradymno.pl\/index.php\/wp-json\/wp\/v2\/comments?post=1118"}],"version-history":[{"count":2,"href":"https:\/\/gopsradymno.pl\/index.php\/wp-json\/wp\/v2\/posts\/1118\/revisions"}],"predecessor-version":[{"id":1120,"href":"https:\/\/gopsradymno.pl\/index.php\/wp-json\/wp\/v2\/posts\/1118\/revisions\/1120"}],"wp:attachment":[{"href":"https:\/\/gopsradymno.pl\/index.php\/wp-json\/wp\/v2\/media?parent=1118"}],"wp:term":[{"taxonomy":"category","embeddable":true,"href":"https:\/\/gopsradymno.pl\/index.php\/wp-json\/wp\/v2\/categories?post=1118"},{"taxonomy":"post_tag","embeddable":true,"href":"https:\/\/gopsradymno.pl\/index.php\/wp-json\/wp\/v2\/tags?post=1118"}],"curies":[{"name":"wp","href":"https:\/\/api.w.org\/{rel}","templated":true}]}}