{"id":1123,"date":"2023-02-24T11:01:40","date_gmt":"2023-02-24T10:01:40","guid":{"rendered":"https:\/\/gopsradymno.pl\/?p=1123"},"modified":"2023-02-24T11:19:27","modified_gmt":"2023-02-24T10:19:27","slug":"pefron-projekt-powrot-do-zdrowia-powrot-do-pracy-nabor-wnioskow-do-konca-marca-2023-roku","status":"publish","type":"post","link":"https:\/\/gopsradymno.pl\/index.php\/2023\/02\/24\/pefron-projekt-powrot-do-zdrowia-powrot-do-pracy-nabor-wnioskow-do-konca-marca-2023-roku\/","title":{"rendered":"<strong>PEFRON &#8211; projekt POWR\u00d3T DO ZDROWIA &#8211; POWR\u00d3T DO PRACY &#8211; nab\u00f3r wniosk\u00f3w do ko\u0144ca marca 2023 roku<\/strong>"},"content":{"rendered":"\n<figure class=\"wp-block-image size-full\"><img loading=\"lazy\" decoding=\"async\" width=\"793\" height=\"385\" src=\"https:\/\/gopsradymno.pl\/wp-content\/uploads\/2023\/02\/image.png\" alt=\"\" class=\"wp-image-1124\" srcset=\"https:\/\/gopsradymno.pl\/wp-content\/uploads\/2023\/02\/image.png 793w, https:\/\/gopsradymno.pl\/wp-content\/uploads\/2023\/02\/image-300x146.png 300w, https:\/\/gopsradymno.pl\/wp-content\/uploads\/2023\/02\/image-768x373.png 768w, https:\/\/gopsradymno.pl\/wp-content\/uploads\/2023\/02\/image-150x73.png 150w\" sizes=\"auto, (max-width: 793px) 100vw, 793px\" \/><\/figure>\n\n\n\n<p><a href=\"https:\/\/gopsradymno.pl\/wp-content\/uploads\/2023\/02\/FORMULARZ_ZGLOSZENIOWY.pdf\">Formularz zg\u0142oszeniowy do udzia\u0142u w rehabilitacji kompleksowej realizowanej w ramach Projektu POWR.02.06.00-00.0057\/17 \u201eWypracowanie i pilota\u017cowe wdro\u017cenie modelu kompleksowej rehabilitacji umo\u017cliwiaj\u0105ce podj\u0119cie lub powr\u00f3t do pracy\u201d<\/a><\/p>\n\n\n\n<p><a href=\"http:\/\/www.gops.radymno.biuletyn.net\/fls\/bip_pliki\/2023_02\/BIPF5F56F64D10C95Z\/POWROT_DO_ZDROWIA_POWROT_DO_PRACY_-_folder_projektu.pdf\">POWR\u00d3T DO ZDROWIA POWR\u00d3T DO PRACY &#8211; folder<\/a><\/p>\n","protected":false},"excerpt":{"rendered":"<p>Formularz zg\u0142oszeniowy do udzia\u0142u w rehabilitacji kompleksowej realizowanej w ramach Projektu POWR.02.06.00-00.0057\/17 \u201eWypracowanie i pilota\u017cowe wdro\u017cenie modelu kompleksowej rehabilitacji umo\u017cliwiaj\u0105ce podj\u0119cie lub powr\u00f3t do pracy\u201d POWR\u00d3T DO ZDROWIA POWR\u00d3T DO PRACY &#8211; folder<\/p>\n<p> <a class=\"continue-reading-link\" href=\"https:\/\/gopsradymno.pl\/index.php\/2023\/02\/24\/pefron-projekt-powrot-do-zdrowia-powrot-do-pracy-nabor-wnioskow-do-konca-marca-2023-roku\/\"><span>Wi\u0119cej<\/span><i class=\"crycon-right-dir\"><\/i><\/a> <\/p>\n","protected":false},"author":2,"featured_media":0,"comment_status":"closed","ping_status":"open","sticky":false,"template":"","format":"standard","meta":{"footnotes":""},"categories":[1,27],"tags":[],"class_list":["post-1123","post","type-post","status-publish","format-standard","hentry","category-aktualnosci","category-aktualnoscihp"],"_links":{"self":[{"href":"https:\/\/gopsradymno.pl\/index.php\/wp-json\/wp\/v2\/posts\/1123","targetHints":{"allow":["GET"]}}],"collection":[{"href":"https:\/\/gopsradymno.pl\/index.php\/wp-json\/wp\/v2\/posts"}],"about":[{"href":"https:\/\/gopsradymno.pl\/index.php\/wp-json\/wp\/v2\/types\/post"}],"author":[{"embeddable":true,"href":"https:\/\/gopsradymno.pl\/index.php\/wp-json\/wp\/v2\/users\/2"}],"replies":[{"embeddable":true,"href":"https:\/\/gopsradymno.pl\/index.php\/wp-json\/wp\/v2\/comments?post=1123"}],"version-history":[{"count":4,"href":"https:\/\/gopsradymno.pl\/index.php\/wp-json\/wp\/v2\/posts\/1123\/revisions"}],"predecessor-version":[{"id":1130,"href":"https:\/\/gopsradymno.pl\/index.php\/wp-json\/wp\/v2\/posts\/1123\/revisions\/1130"}],"wp:attachment":[{"href":"https:\/\/gopsradymno.pl\/index.php\/wp-json\/wp\/v2\/media?parent=1123"}],"wp:term":[{"taxonomy":"category","embeddable":true,"href":"https:\/\/gopsradymno.pl\/index.php\/wp-json\/wp\/v2\/categories?post=1123"},{"taxonomy":"post_tag","embeddable":true,"href":"https:\/\/gopsradymno.pl\/index.php\/wp-json\/wp\/v2\/tags?post=1123"}],"curies":[{"name":"wp","href":"https:\/\/api.w.org\/{rel}","templated":true}]}}