{"id":1170,"date":"2023-09-28T22:48:35","date_gmt":"2023-09-28T20:48:35","guid":{"rendered":"https:\/\/gopsradymno.pl\/?p=1170"},"modified":"2023-09-28T22:48:35","modified_gmt":"2023-09-28T20:48:35","slug":"informacja-dot-waznosci-orzeczen-o-niepelnosprawnosci-oraz-o-stopniu-niepelnosprawnosci","status":"publish","type":"post","link":"https:\/\/gopsradymno.pl\/index.php\/2023\/09\/28\/informacja-dot-waznosci-orzeczen-o-niepelnosprawnosci-oraz-o-stopniu-niepelnosprawnosci\/","title":{"rendered":"Informacja dot. wa\u017cno\u015bci orzecze\u0144 o\u00a0niepe\u0142nosprawno\u015bci oraz o\u00a0stopniu niepe\u0142nosprawno\u015bci"},"content":{"rendered":"\n<h2 class=\"wp-block-heading\"><\/h2>\n\n\n\n<p><strong>5 sierpnia 2023 r.<\/strong>&nbsp;by\u0142 ostatnim dniem obowi\u0105zywania art. 15h ustawy z&nbsp;dnia 2 marca 2020 r.&nbsp;<em>o szczeg\u00f3lnych rozwi\u0105zaniach zwi\u0105zanych&nbsp;z zapobieganiem, przeciwdzia\u0142aniem i&nbsp;zwalczaniem COVID-19, innych chor\u00f3b zaka\u017anych oraz wywo\u0142anych nimi sytuacji kryzysowych<\/em>&nbsp;(Dz. U. z&nbsp;2023 r. poz. 1327 ze&nbsp;zm.), na mocy kt\u00f3rego wa\u017cno\u015b\u0107 orzecze\u0144 o&nbsp;niepe\u0142nosprawno\u015bci albo o&nbsp;stopniu niepe\u0142nosprawno\u015bci wydanych na czas okre\u015blony ulega\u0142a przed\u0142u\u017ceniu.<\/p>\n\n\n\n<p><strong>Zmiana przepis\u00f3w nie spowoduje automatycznej utraty wa\u017cno\u015bci orzecze\u0144 o&nbsp;niepe\u0142nosprawno\u015bci albo o&nbsp;stopniu niepe\u0142nosprawno\u015bci wydanych na czas okre\u015blony.<\/strong><\/p>\n\n\n\n<p><strong>Od 6 sierpnia 2023 r<\/strong>.&nbsp;obowi\u0105zuje art. 23&nbsp;ustawy z&nbsp;dnia 9 marca 2023 r.&nbsp;<em>o zmianie ustawy o&nbsp;ochronie konkurencji i&nbsp;konsument\u00f3w oraz niekt\u00f3rych innych ustaw&nbsp;<\/em>(Dz. U. z&nbsp;2023 r. poz. 852), na podstawie kt\u00f3rego:<\/p>\n\n\n\n<p>orzeczenie o&nbsp;niepe\u0142nosprawno\u015bci albo orzeczenie o&nbsp;stopniu niepe\u0142nosprawno\u015bci wydane na czas okre\u015blony na podstawie ustawy z&nbsp;dnia 27 sierpnia 1997 r. o&nbsp;rehabilitacji zawodowej i&nbsp;spo\u0142ecznej oraz zatrudnieniu os\u00f3b niepe\u0142nosprawnych, kt\u00f3rego okres wa\u017cno\u015bci:<\/p>\n\n\n\n<ol class=\"wp-block-list\">\n<li>up\u0142yn\u0105\u0142by do&nbsp;<strong>31 grudnia 2020 r.<\/strong>&nbsp;zachowuje wa\u017cno\u015b\u0107&nbsp;<strong>do 31 grudnia 2023&nbsp;<\/strong>;<\/li>\n\n\n\n<li>up\u0142yn\u0105\u0142by&nbsp;<strong>w okresie od 1 stycznia 2021 r. do 31 grudnia 2021 r.<\/strong>&nbsp;zachowuje wa\u017cno\u015b\u0107&nbsp;<strong>do 31 marca 2024 r.<\/strong><\/li>\n\n\n\n<li>up\u0142yn\u0105\u0142by&nbsp;<strong>w okresie od 1 stycznia 2022 r. do 5 sierpnia 2023 r.<\/strong>&nbsp;zachowuje wa\u017cno\u015b\u0107<strong>&nbsp;do 30 wrze\u015bnia 2024 r<\/strong>.<\/li>\n<\/ol>\n\n\n\n<p>&#8211; jednak&nbsp;<strong>nie d\u0142u\u017cej ni\u017c do dnia wydania nowego ostatecznego orzeczenia<\/strong><strong><br>o niepe\u0142nosprawno\u015bci albo orzeczenia o&nbsp;stopniu niepe\u0142nosprawno\u015bci<\/strong>.<\/p>\n\n\n\n<p>Orzeczenie o&nbsp;niepe\u0142nosprawno\u015bci lub orzeczenie o&nbsp;stopniu niepe\u0142nosprawno\u015bci, kt\u00f3rego okres wa\u017cno\u015bci&nbsp;<strong>up\u0142yn\u0105\u0142 6 sierpnia 2023 r. lub p\u00f3\u017aniej<\/strong>, nie podlega przed\u0142u\u017ceniu z&nbsp;mocy prawa. Ich okres wa\u017cno\u015bci ko\u0144czy si\u0119 w&nbsp;terminie okre\u015blonym w&nbsp;orzeczeniu, w&nbsp;zwi\u0105zku z&nbsp;tym z&nbsp;urz\u0119du&nbsp; nie b\u0119d\u0105 przed\u0142u\u017cane \u017cadne \u015bwiadczenia przyznane w&nbsp;oparciu o&nbsp;takie orzeczenia.<\/p>\n","protected":false},"excerpt":{"rendered":"<p>5 sierpnia 2023 r.&nbsp;by\u0142 ostatnim dniem obowi\u0105zywania art. 15h ustawy z&nbsp;dnia 2 marca 2020 r.&nbsp;o szczeg\u00f3lnych rozwi\u0105zaniach zwi\u0105zanych&nbsp;z zapobieganiem, przeciwdzia\u0142aniem i&nbsp;zwalczaniem COVID-19, innych chor\u00f3b zaka\u017anych oraz wywo\u0142anych nimi sytuacji kryzysowych&nbsp;(Dz. U. z&nbsp;2023 r. poz. 1327 ze&nbsp;zm.), na mocy kt\u00f3rego wa\u017cno\u015b\u0107 orzecze\u0144 o&nbsp;niepe\u0142nosprawno\u015bci albo o&nbsp;stopniu niepe\u0142nosprawno\u015bci wydanych na czas okre\u015blony ulega\u0142a przed\u0142u\u017ceniu. Zmiana przepis\u00f3w nie spowoduje automatycznej utraty wa\u017cno\u015bci orzecze\u0144 o&nbsp;niepe\u0142nosprawno\u015bci albo o&nbsp;stopniu niepe\u0142nosprawno\u015bci wydanych na czas okre\u015blony. Od 6 sierpnia 2023 r.&nbsp;obowi\u0105zuje art. 23&nbsp;ustawy z&nbsp;dnia 9 marca 2023 r.&nbsp;o zmianie ustawy o&nbsp;ochronie konkurencji i&nbsp;konsument\u00f3w oraz niekt\u00f3rych innych ustaw&nbsp;(Dz. U. z&nbsp;2023 r. poz. 852), na podstawie kt\u00f3rego: orzeczenie o&nbsp;niepe\u0142nosprawno\u015bci albo orzeczenie\u2026<\/p>\n<p> <a class=\"continue-reading-link\" href=\"https:\/\/gopsradymno.pl\/index.php\/2023\/09\/28\/informacja-dot-waznosci-orzeczen-o-niepelnosprawnosci-oraz-o-stopniu-niepelnosprawnosci\/\"><span>Wi\u0119cej<\/span><i class=\"crycon-right-dir\"><\/i><\/a> <\/p>\n","protected":false},"author":2,"featured_media":0,"comment_status":"closed","ping_status":"open","sticky":false,"template":"","format":"standard","meta":{"footnotes":""},"categories":[1,27],"tags":[],"class_list":["post-1170","post","type-post","status-publish","format-standard","hentry","category-aktualnosci","category-aktualnoscihp"],"_links":{"self":[{"href":"https:\/\/gopsradymno.pl\/index.php\/wp-json\/wp\/v2\/posts\/1170","targetHints":{"allow":["GET"]}}],"collection":[{"href":"https:\/\/gopsradymno.pl\/index.php\/wp-json\/wp\/v2\/posts"}],"about":[{"href":"https:\/\/gopsradymno.pl\/index.php\/wp-json\/wp\/v2\/types\/post"}],"author":[{"embeddable":true,"href":"https:\/\/gopsradymno.pl\/index.php\/wp-json\/wp\/v2\/users\/2"}],"replies":[{"embeddable":true,"href":"https:\/\/gopsradymno.pl\/index.php\/wp-json\/wp\/v2\/comments?post=1170"}],"version-history":[{"count":1,"href":"https:\/\/gopsradymno.pl\/index.php\/wp-json\/wp\/v2\/posts\/1170\/revisions"}],"predecessor-version":[{"id":1171,"href":"https:\/\/gopsradymno.pl\/index.php\/wp-json\/wp\/v2\/posts\/1170\/revisions\/1171"}],"wp:attachment":[{"href":"https:\/\/gopsradymno.pl\/index.php\/wp-json\/wp\/v2\/media?parent=1170"}],"wp:term":[{"taxonomy":"category","embeddable":true,"href":"https:\/\/gopsradymno.pl\/index.php\/wp-json\/wp\/v2\/categories?post=1170"},{"taxonomy":"post_tag","embeddable":true,"href":"https:\/\/gopsradymno.pl\/index.php\/wp-json\/wp\/v2\/tags?post=1170"}],"curies":[{"name":"wp","href":"https:\/\/api.w.org\/{rel}","templated":true}]}}