{"id":1173,"date":"2023-09-28T22:50:38","date_gmt":"2023-09-28T20:50:38","guid":{"rendered":"https:\/\/gopsradymno.pl\/?p=1173"},"modified":"2023-09-28T22:50:38","modified_gmt":"2023-09-28T20:50:38","slug":"informacja-o-zmianach-dotyczacych-uprawnien-do-swiadczenia-pielegnacyjnego-specjalnego-zasilku-opiekunczego-i-zasilku-dla-opiekuna-od-1-stycznia-2024-r","status":"publish","type":"post","link":"https:\/\/gopsradymno.pl\/index.php\/2023\/09\/28\/informacja-o-zmianach-dotyczacych-uprawnien-do-swiadczenia-pielegnacyjnego-specjalnego-zasilku-opiekunczego-i-zasilku-dla-opiekuna-od-1-stycznia-2024-r\/","title":{"rendered":"Informacja o\u00a0zmianach dotycz\u0105cych uprawnie\u0144 do \u015bwiadczenia piel\u0119gnacyjnego, specjalnego zasi\u0142ku opieku\u0144czego i\u00a0zasi\u0142ku dla opiekuna od 1 stycznia 2024 r."},"content":{"rendered":"\n<h2 class=\"wp-block-heading\"><\/h2>\n\n\n\n<p>W zwi\u0105zku z&nbsp;wej\u015bciem w&nbsp;\u017cycie&nbsp;<strong>1 stycznia 2024 r<\/strong>. ustawy z&nbsp;dnia 7 lipca 2023 r.&nbsp; o&nbsp;\u015bwiadczeniu wspieraj\u0105cym &nbsp;(Dz. U. z&nbsp;2023 r., poz. 1429)&nbsp;<strong>zmianom ulegaj\u0105 od 1 stycznia 2024 r. przepisy dotycz\u0105ce ustalania uprawnie\u0144 do \u015bwiadczenia piel\u0119gnacyjnego, specjalnego zasi\u0142ku opieku\u0144czego i&nbsp;zasi\u0142ku dla opiekuna.<\/strong><\/p>\n\n\n\n<p><strong>Od 1 stycznia 2024 r. zmieni\u0105 si\u0119 zasady ubiegania si\u0119 o&nbsp;\u015bwiadczenie piel\u0119gnacyjne.&nbsp; Od nowego roku m. in. \u015bwiadczenie b\u0119dzie przys\u0142ugiwa\u0142o opiekunom os\u00f3b z&nbsp;niepe\u0142nosprawno\u015bci\u0105 wy\u0142\u0105cznie do uko\u0144czenia przez nie 18 roku \u017cycia, a&nbsp;tak\u017ce b\u0119dzie mo\u017cliwe \u0142\u0105czenie \u015bwiadczenia piel\u0119gnacyjnego z&nbsp;prac\u0105. Jednocze\u015bnie zlikwidowany zastanie specjalny zasi\u0142ek opieku\u0144czy.<\/strong><\/p>\n\n\n\n<h3 class=\"wp-block-heading\">\u015awiadczenie piel\u0119gnacyjne na nowych zasadach<\/h3>\n\n\n\n<p>\u015awiadczenie piel\u0119gnacyjne b\u0119dzie przys\u0142ugiwa\u0107&nbsp;<strong>opiekunom os\u00f3b z&nbsp;niepe\u0142nosprawno\u015bci\u0105 wy\u0142\u0105cznie do uko\u0144czenia przez nie 18 roku \u017cycia<\/strong>. Odmiennie od aktualnie obowi\u0105zuj\u0105cych zasad, b\u0119dzie mo\u017cliwo\u015b\u0107 jednoczesnego pobierania \u015bwiadczenia piel\u0119gnacyjnego i&nbsp;podj\u0119cia zatrudnienia lub innej pracy zarobkowej \u2013 bez jakichkolwiek ogranicze\u0144. Na mo\u017cliwo\u015b\u0107 pobierania \u015bwiadczenia nie b\u0119d\u0105 wp\u0142ywa\u0107 tak\u017ce pobierane przez opiekuna \u015bwiadczenia emerytalno-rentowe.&nbsp;<\/p>\n\n\n\n<p>Istotn\u0105 zmian\u0105 jest umo\u017cliwienie pobierania \u015bwiadczenia piel\u0119gnacyjnego w&nbsp;zwielokrotnionej kwocie w&nbsp;zale\u017cno\u015bci od liczby os\u00f3b, nad kt\u00f3rymi sprawowana jest opieka. W&nbsp;przypadku, gdy opiekun b\u0119dzie sprawowa\u0142 opiek\u0119 nad wi\u0119cej ni\u017c jedn\u0105 osob\u0105 z&nbsp;niepe\u0142nosprawno\u015bci\u0105 w&nbsp;wieku do uko\u0144czenia 18 roku \u017cycia, kwota \u015bwiadczenia piel\u0119gnacyjnego zostanie podwy\u017cszona o&nbsp;100% na drug\u0105 i&nbsp;ka\u017cd\u0105 kolejn\u0105 osob\u0119. Regulacja ta nie dotyczy jednak wniosk\u00f3w z\u0142o\u017conych przez dyrektora plac\u00f3wki opieki zast\u0119pczej.&nbsp;<\/p>\n\n\n\n<p>Po uko\u0144czeniu 18 roku \u017cycia osoba z&nbsp;niepe\u0142nosprawno\u015bci\u0105 lub jej przedstawiciel b\u0119dzie m\u00f3g\u0142 ubiega\u0107 si\u0119 o&nbsp;<strong>\u015bwiadczenie wspieraj\u0105ce.<\/strong>&nbsp;<\/p>\n\n\n\n<figure class=\"wp-block-table\"><table><tbody><tr><td>&nbsp;<\/td><td><strong>\u015awiadczenie piel\u0119gnacyjne \u2013 obecnie<\/strong>&nbsp; tj.do 31.12.2023 r.<\/td><td><strong>\u015awiadczenie piel\u0119gnacyjne od 1.01.2024<\/strong>&nbsp;<\/td><\/tr><tr><td><strong>Osoby uprawnione<\/strong>&nbsp;do pobierania<\/td><td>matka albo ojciec;&nbsp;opiekun faktyczny dziecka;&nbsp;osobie b\u0119d\u0105cej rodzin\u0105 zast\u0119pcz\u0105 spokrewnion\u0105;&nbsp;&nbsp;inne osoby, na kt\u00f3rych ci\u0105\u017cy obowi\u0105zek alimentacyjny, z&nbsp;wyj\u0105tkiem os\u00f3b o&nbsp;znacznym stopniu niepe\u0142nosprawno\u015bci&nbsp;<\/td><td>matka albo ojciec;&nbsp;inne osoby, na kt\u00f3rych ci\u0105\u017cy obowi\u0105zek alimentacyjny, a&nbsp;tak\u017ce ma\u0142\u017conek;&nbsp;opiekun faktyczny dziecka;&nbsp;rodzina zast\u0119pcza, osoba prowadz\u0105ca rodzinny dom dziecka, dyrektor plac\u00f3wki opieku\u0144czo-wychowawczej, dyrektor regionalnej plac\u00f3wki opieku\u0144czo-terapeutycznej albo dyrektor interwencyjnego o\u015brodka preadopcyjnego&nbsp;&nbsp;<\/td><\/tr><tr><td><strong>Termin<\/strong>&nbsp;pobierania<\/td><td>na czas nie okre\u015blony, chyba \u017ce orzeczenie o&nbsp;niepe\u0142nosprawno\u015bci zosta\u0142o wydane na czas okre\u015blony,&nbsp;&nbsp;<\/td><td>do uko\u0144czenia przez osob\u0119 z&nbsp;niepe\u0142nosprawno\u015bci\u0105 18 roku \u017cycia<\/td><\/tr><tr><td><strong>Warunki&nbsp;<\/strong>&nbsp;<\/td><td>opiekun&nbsp;<strong>nie<\/strong>&nbsp;m\u00f3g\u0142 podejmowa\u0107 zatrudnienia, pracy zarobkowej, otrzymywa\u0107 \u015bwiadcze\u0144 emerytalno -rentowych&nbsp;<\/td><td>brak ogranicze\u0144&nbsp;<\/td><\/tr><tr><td><strong>Kwota \u015bwiadczenia<\/strong>&nbsp;<\/td><td>jednakowa wysoko\u015b\u0107 \u015bwiadczenia,&nbsp;<br>waloryzowana ka\u017cdego roku w&nbsp;styczniu&nbsp;<br>(w 2023 r. \u2013 2458 z\u0142)&nbsp;<\/td><td>wysoko\u015b\u0107 \u015bwiadczenia piel\u0119gnacyjnego, zostanie podwy\u017cszona o&nbsp;100% na drug\u0105 i&nbsp;ka\u017cd\u0105 kolejn\u0105 osob\u0119, nad kt\u00f3r\u0105 sprawowana jest opieka (nie dotyczy dyrektor\u00f3w plac\u00f3wki opieki zast\u0119pczej)&nbsp;<\/td><\/tr><tr><td><strong>Kiedy \u015bwiadczenie nie przys\u0142uguje<\/strong>&nbsp;<\/td><td><strong>osoba wymagaj\u0105ca opieki:<\/strong>&nbsp;<br>\u2013 zosta\u0142a umieszczona w&nbsp;rodzinie zast\u0119pczej, z&nbsp;wyj\u0105tkiem rodziny zast\u0119pczej spokrewnionej, rodzinnym domu dziecka albo, w&nbsp;zwi\u0105zku z&nbsp;konieczno\u015bci\u0105 kszta\u0142cenia, rewalidacji lub rehabilitacji, w&nbsp;plac\u00f3wce zapewniaj\u0105cej ca\u0142odobow\u0105 opiek\u0119, w&nbsp;tym w&nbsp;specjalnym o\u015brodku szkolno-wychowawczym, z&nbsp;wyj\u0105tkiem podmiotu wykonuj\u0105cego dzia\u0142alno\u015b\u0107 lecznicz\u0105, i&nbsp;korzysta w&nbsp;niej z&nbsp;ca\u0142odobowej opieki przez wi\u0119cej ni\u017c 5 dni w&nbsp;tygodniu;&nbsp;<br>\u2013 pozostaje w&nbsp;zwi\u0105zku ma\u0142\u017ce\u0144skim, chyba \u017ce wsp\u00f3\u0142ma\u0142\u017conek legitymuje si\u0119 orzeczeniem o&nbsp;znacznym stopniu niepe\u0142nosprawno\u015bci,&nbsp;&nbsp;<br><br><strong>na osob\u0119 wymagaj\u0105c\u0105 opieki<\/strong>&nbsp;&nbsp;<br>-inna osoba ma ustalone prawo do wcze\u015bniejszej emerytury;&nbsp;<br>-ustalone prawo do dodatku do zasi\u0142ku rodzinnego (wychowawczego), specjalnego zasi\u0142ku opieku\u0144czego, \u015bwiadczenia piel\u0119gnacyjnego lub zasi\u0142ku dla opiekuna;&nbsp;<br>\u2013 inna osoba jest uprawniona za granic\u0105 do \u015bwiadczenia na pokrycie wydatk\u00f3w zwi\u0105zanych z&nbsp;opiek\u0105, chyba \u017ce przepisy o&nbsp;koordynacji system\u00f3w zabezpieczenia spo\u0142ecznego lub dwustronne umowy o&nbsp;zabezpieczeniu spo\u0142ecznym stanowi\u0105 inaczej.&nbsp;<\/td><td><strong>osoba wymagaj\u0105ca opieki<\/strong>:&nbsp;<br>\u2013 zosta\u0142a umieszczona lub przebywa w&nbsp;domu pomocy spo\u0142ecznej, zak\u0142adzie opieku\u0144czo-leczniczym, zak\u0142adzie piel\u0119gnacyjno-opieku\u0144czym, plac\u00f3wce zapewniaj\u0105cej ca\u0142odobow\u0105 opiek\u0119 osobom niepe\u0142nosprawnym, przewlekle chorym lub osobom w&nbsp;podesz\u0142ym wieku, o&nbsp;kt\u00f3rej mowa w&nbsp;przepisach o&nbsp;pomocy spo\u0142ecznej, zak\u0142adzie karnym, zak\u0142adzie poprawczym, areszcie \u015bledczym albo schronisku dla nieletnich;&nbsp;<br>\u2013 jest uprawniona za granic\u0105 do \u015bwiadczenia na pokrycie wydatk\u00f3w zwi\u0105zanych z&nbsp;opiek\u0105, chyba \u017ce przepisy o&nbsp;koordynacji system\u00f3w zabezpieczenia spo\u0142ecznego lub dwustronne umowy o&nbsp;zabezpieczeniu spo\u0142ecznym stanowi\u0105 inaczej;&nbsp;&nbsp;<br><br><strong>osoba sprawuj\u0105ca opiek\u0119<\/strong>&nbsp;&nbsp;ma ustalone prawo do specjalnego zasi\u0142ku opieku\u0144czego, \u015bwiadczenia piel\u0119gnacyjnego lub zasi\u0142ku dla opiekuna;&nbsp;&nbsp;<br><br><strong>na osob\u0119 wymagaj\u0105c\u0105 opieki<\/strong>&nbsp;<br>\u2013 inna osoba jest uprawniona za granic\u0105 do \u015bwiadczenia na pokrycie wydatk\u00f3w zwi\u0105zanych z&nbsp;opiek\u0105, chyba \u017ce przepisy o&nbsp;koordynacji system\u00f3w zabezpieczenia spo\u0142ecznego lub dwustronne umowy o&nbsp;zabezpieczeniu spo\u0142ecznym stanowi\u0105 inaczej;&nbsp;<br>\u2013 ustalone prawo do specjalnego zasi\u0142ku opieku\u0144czego, \u015bwiadczenia piel\u0119gnacyjnego lub do zasi\u0142ku dla opiekuna&nbsp;.<\/td><\/tr><tr><td><strong>Wyga\u015bni\u0119cie prawa<\/strong>&nbsp;<\/td><td>z dniem zgonu osoby&nbsp; wymagaj\u0105cej opieki&nbsp;&nbsp;<\/td><td>do ostatniego dnia miesi\u0105ca po miesi\u0105cu, w&nbsp;kt\u00f3rym nast\u0105pi\u0142 zgon osoby&nbsp; wymagaj\u0105cej opieki (ta zamiana dotyczy tak\u017ce os\u00f3b, kt\u00f3re zdecyduj\u0105 si\u0119 pobiera\u0107 \u015bwiadczenie na dotychczasowych zasadach)&nbsp;<\/td><\/tr><\/tbody><\/table><\/figure>\n\n\n\n<p>Opisane wy\u017cej nowe warunki przyznawania \u015bwiadczenia piel\u0119gnacyjnego, kt\u00f3re obowi\u0105zywa\u0107 b\u0119d\u0105 od 1 stycznia 2024 r., nie dotycz\u0105 os\u00f3b, kt\u00f3re na zasadzie zachowania praw nabytych, b\u0119d\u0105 pobiera\u0107 to \u015bwiadczenie piel\u0119gnacyjne na podstawie przepis\u00f3w dotychczasowych tj. obowi\u0105zuj\u0105cych do 31.12.2023 r.<\/p>\n\n\n\n<p>Osoba pobieraj\u0105ca \u015bwiadczenie piel\u0119gnacyjne w&nbsp;zwi\u0105zku z&nbsp;opiek\u0105 nad dzieckiem w&nbsp;wieku do uko\u0144czenia 18. roku \u017cycia i&nbsp;kt\u00f3ra b\u0119dzie chcia\u0142a po 31 grudnia 2023 r. otrzyma\u0107 \u015bwiadczenie piel\u0119gnacyjne na nowych zasadach (czyli&nbsp; z&nbsp;mo\u017cliwo\u015bci\u0105 podejmowania zatrudnienia lub innej pracy zarobkowej) musi po tej dacie zrezygnowa\u0107 z&nbsp;pobierania \u015bwiadczenia piel\u0119gnacyjnego na podstawie starych przepis\u00f3w i&nbsp;<strong>z\u0142o\u017cy\u0107 wniosek o&nbsp;przyznanie \u015bwiadczenia piel\u0119gnacyjnego na podstawie nowych przepis\u00f3w.<\/strong>&nbsp;<\/p>\n\n\n\n<p>Od 1 stycznia 2024r. osoby, kt\u00f3re dotychczas nie pobiera\u0142y \u015bwiadcze\u0144 opieku\u0144czych, nie b\u0119d\u0105 mog\u0142y si\u0119 ju\u017c ubiega\u0107 o&nbsp;specjalny zasi\u0142ek opieku\u0144czy oraz \u015bwiadczenie piel\u0119gnacyjne na niepe\u0142nosprawne osoby doros\u0142e.<\/p>\n\n\n\n<h3 class=\"wp-block-heading\">Przepisy przej\u015bciowe<\/h3>\n\n\n\n<p>Wprowadzaj\u0105c istotne zmiany w&nbsp;warunkach przyznawania \u015bwiadczenia piel\u0119gnacyjnego oraz uchylaj\u0105c specjalny zasi\u0142ek opieku\u0144czy, ustawa o&nbsp;\u015bwiadczeniu wspieraj\u0105cym wprowadza jednocze\u015bnie przepisy maj\u0105ce na celu pe\u0142n\u0105 ochron\u0119 praw nabytych os\u00f3b, kt\u00f3re naby\u0142y b\u0105d\u017a nab\u0119d\u0105 na starych, obowi\u0105zuj\u0105cych przed wej\u015bciem w&nbsp;\u017cycie ustawy, tj. do 31 grudnia 2023 r. przepisach, prawo do \u015bwiadczenia piel\u0119gnacyjnego albo specjalnego zasi\u0142ku opieku\u0144czego. Osoby te b\u0119d\u0105 mog\u0142y w&nbsp;dalszym ci\u0105gu pobiera\u0107 wymienione \u015bwiadczenia zgodnie<br>z dotychczasowymi przepisami. Prawo do pobierania tych \u015bwiadcze\u0144 na zasadach dotychczasowych zosta\u0142o uregulowane w&nbsp;art. 63 u.\u015b.w.&nbsp;&nbsp;<strong>Przepisy te przewiduj\u0105, \u017ce:<\/strong><\/p>\n\n\n\n<ul class=\"wp-block-list\">\n<li>w sprawach o&nbsp;\u015bwiadczenie piel\u0119gnacyjne i&nbsp;specjalny zasi\u0142ek opieku\u0144czy, do kt\u00f3rych prawo powsta\u0142o do dnia 31 grudnia 2023 r., stosuje si\u0119 przepisy dotychczasowe (art. 63 ust. 1 u.\u015b.w.),<\/li>\n\n\n\n<li>osoby, kt\u00f3rym przed 1 stycznia 2024 r., albo nawet po tej dacie, ale, na zasadach obowi\u0105zuj\u0105cych do dnia 31 grudnia 2023 r., przyznane zosta\u0142o co najmniej do dnia 31 grudnia 2023 r. prawo do \u015bwiadczenia piel\u0119gnacyjnego albo specjalnego zasi\u0142ku opieku\u0144czego,&nbsp;<strong>zachowuj\u0105<\/strong>, na zasadach obowi\u0105zuj\u0105cych do dnia 31 grudnia 2023 r., prawo do tych \u015bwiadcze\u0144 nie d\u0142u\u017cej jednak ni\u017c do ko\u0144ca okresu, na kt\u00f3ry prawo zosta\u0142o przyznane (art. 63 ust. 2 u.\u015b.w.),<\/li>\n\n\n\n<li>osoby, zachowuj\u0105 prawo do \u015bwiadczenia piel\u0119gnacyjnego albo specjalnego zasi\u0142ku opieku\u0144czego na zasadach obowi\u0105zuj\u0105cych do dnia 31 grudnia 2023 r.,&nbsp;r\u00f3wnie\u017c w&nbsp;przypadku, gdy osobie nad kt\u00f3r\u0105 sprawuj\u0105 opiek\u0119&nbsp;zosta\u0142o wydane nowe orzeczenie&nbsp;o stopniu niepe\u0142nosprawno\u015bci albo orzeczenie o&nbsp;niepe\u0142nosprawno\u015bci (art. 63 ust. 3 ustawy)&nbsp;<strong>Warunkiem zachowania prawa odpowiednio do \u015bwiadczenia piel\u0119gnacyjnego albo specjalnego zasi\u0142ku opieku\u0144czego w&nbsp;tym przypadku b\u0119dzie:<\/strong><\/li>\n\n\n\n<li>z\u0142o\u017cenie wniosku o&nbsp;nowe orzeczenie o&nbsp;stopniu niepe\u0142nosprawno\u015bci albo &nbsp;o niepe\u0142nosprawno\u015bci w&nbsp;terminie 3 miesi\u0119cy od dnia nast\u0119puj\u0105cego&nbsp;po dniu, w&nbsp;kt\u00f3rym up\u0142yn\u0105\u0142 termin wa\u017cno\u015bci dotychczasowego orzeczenia o&nbsp;stopniu niepe\u0142nosprawno\u015bci albo orzeczenia&nbsp;o&nbsp;niepe\u0142nosprawno\u015bci<strong>&nbsp; oraz<\/strong><\/li>\n\n\n\n<li>z\u0142o\u017cenie wniosku o&nbsp;ustalenie prawa odpowiednio do \u015bwiadczenia piel\u0119gnacyjnego albo specjalnego zasi\u0142ku opieku\u0144czego w&nbsp;terminie 3 miesi\u0119cy licz\u0105c od wydania orzeczenia o&nbsp;stopniu niepe\u0142nosprawno\u015bci albo o&nbsp;niepe\u0142nosprawno\u015bci.<\/li>\n\n\n\n<li>w przypadku specjalnego zasi\u0142ku opieku\u0144czego prawo zasi\u0142ku na zasadach dotychczasowych przys\u0142ugiwa\u0107 b\u0119dzie r\u00f3wnie\u017c po up\u0142ywie okresu zasi\u0142kowego na kt\u00f3ry prawo zosta\u0142o przyznane (czyli tak\u017ce na kolejne okresy zasi\u0142kowe)&nbsp;<strong>pod warunkiem, \u017ce wniosek o&nbsp;ustalenie prawa do specjalnego zasi\u0142ku opieku\u0144czego na nowy okres zasi\u0142kowy zostanie z\u0142o\u017cony w&nbsp;terminie 3 miesi\u0119cy od dnia nast\u0119puj\u0105cego po dniu, w&nbsp;kt\u00f3rym zako\u0144czy\u0142 si\u0119 dotychczasowy okres zasi\u0142kowy<\/strong>&nbsp;(art. 63 ust. 4 u.\u015b.w.).<strong>&nbsp;<\/strong><\/li>\n<\/ul>\n\n\n\n<p><strong>Uwaga:&nbsp;<\/strong>przepisy przej\u015bciowe o&nbsp;\u015bwiadczeniu wspieraj\u0105cym art. 63 ust. 6 u.\u015b.w.) &nbsp;wprowadzaj\u0105 r\u00f3wnie\u017c dodatkow\u0105, negatywn\u0105 przes\u0142ank\u0119, kt\u00f3ra przewiduje, \u017ce&nbsp;<strong><u>\u015bwiadczenie piel\u0119gnacyjne, specjalny zasi\u0142ek opieku\u0144czy przyznane na zasadach dotychczasowych oraz zasi\u0142ek dla opiekuna<\/u><\/strong>,&nbsp;<strong>nie przys\u0142uguj\u0105 je\u017celi osoba wymagaj\u0105ca opieki b\u0119dzie mia\u0142a przyznane przez ZUS prawo do \u015bwiadczenia wspieraj\u0105cego<\/strong>.&nbsp;<\/p>\n\n\n\n<p>W przypadku gdy osoba wymagaj\u0105ca opieki lub osoba uprawniona do jej reprezentowania z\u0142o\u017cy\u0142a wniosek o&nbsp;ustalenie prawa do \u015bwiadczenia wspieraj\u0105cego do ZUS, post\u0119powanie z&nbsp;wniosku o&nbsp;ustalenie prawa do \u015bwiadczenia piel\u0119gnacyjnego, specjalnego zasi\u0142ku opieku\u0144czego, zasi\u0142ku dla opiekuna&nbsp;<strong>zawiesza si\u0119<\/strong>&nbsp;do czasu rozstrzygni\u0119cia sprawy z&nbsp;wniosku&nbsp; o&nbsp;ustalenie prawa \u015bwiadczenia wspieraj\u0105cego. Nast\u0119pnie ustalenie prawa do ww. \u015bwiadcze\u0144 w&nbsp;wyniku podj\u0119cia zawieszonego post\u0119powania nast\u0119puje po dokonaniu przez ZUS&nbsp; rozstrzygni\u0119cia sprawy z&nbsp;wniosku o&nbsp;ustalenie prawa do \u015bwiadczenia wspieraj\u0105cego (art. 63 ust. 7-8 u.\u015b.w.).<\/p>\n\n\n\n<p>Wyp\u0142ata \u015bwiadczenia piel\u0119gnacyjnego lub specjalnego zasi\u0142ku opieku\u0144czego lub zasi\u0142ku dla opiekuna podlega&nbsp;<strong>wstrzymaniu&nbsp;<\/strong>je\u017celi osoba wymagaj\u0105ca opieki lub osoba uprawniona do jej reprezentowania z\u0142o\u017cy\u0142a wniosek o&nbsp;ustalenie prawa do \u015bwiadczenia wspieraj\u0105cego do ZUS (art. 63 ust. 9 u.\u015b.w.).<\/p>\n\n\n\n<p>W przypadku odmowy przyznania osobie wymagaj\u0105cej opieki \u015bwiadczenia wspieraj\u0105cego lub pozostawienia wniosku o&nbsp;to \u015bwiadczenie bez rozpatrzenia, \u015bwiadczenie piel\u0119gnacyjne albo specjalny zasi\u0142ek opieku\u0144czy, zasi\u0142ek dla opiekuna,&nbsp; wyp\u0142aca si\u0119 od miesi\u0105ca, w&nbsp;kt\u00f3rym wstrzymano ich wyp\u0142at\u0119 do ko\u0144ca okresu na jaki je przyznano, je\u017celi nadal osoba spe\u0142nia warunki okre\u015blone w&nbsp; brzmieniu dotychczasowym (art. 63 ust. 9-10 u.\u015b.w.).<\/p>\n\n\n\n<p><strong>\u015awiadczenie piel\u0119gnacyjne, specjalny zasi\u0142ek opieku\u0144czy lub&nbsp;zasi\u0142ek dla opiekuna wyp\u0142acone opiekunowi&nbsp;<u>za okres za kt\u00f3ry osoba wymagaj\u0105ca opieki otrzyma\u0142a \u015bwiadczenie wspieraj\u0105ce<\/u>&nbsp;b\u0119dzie \u015bwiadczeniem nienale\u017cnie pobranym podlegaj\u0105cym zwrotowi wraz z&nbsp;odsetkami do kt\u00f3rego to zwrotu zobowi\u0105zana zostanie osoba pobieraj\u0105ca \u015bwiadczenie piel\u0119gnacyjne, specjalny zasi\u0142ek opieku\u0144czy lub zasi\u0142ek dla opiekuna.<\/strong><\/p>\n\n\n\n<p>Osoba z&nbsp;niepe\u0142nosprawno\u015bciami, sk\u0142adaj\u0105c w&nbsp;ZUS wniosek o&nbsp;\u015bwiadczenie wspieraj\u0105ce b\u0119dzie mog\u0142a zdecydowa\u0107 od jakiego miesi\u0105ca chce mie\u0107 przyznane przez ZUS \u015bwiadczenie wspieraj\u0105ce, dzi\u0119ki czemu mo\u017ce nie dopu\u015bci\u0107 do sytuacji otrzymania \u015bwiadczenia wspieraj\u0105cego za ten sam okres za kt\u00f3ry jej opiekun otrzyma\u0142 w&nbsp;gminie \u015bwiadczenie piel\u0119gnacyjne, specjalny zasi\u0142ek opieku\u0144czy lub&nbsp;zasi\u0142ek dla opiekuna i&nbsp;tym samym unikn\u0105\u0107 sytuacji powstania nienale\u017cnych \u015bwiadcze\u0144 po stronie jej opiekuna.<\/p>\n\n\n\n<h3 class=\"wp-block-heading\">\u015awiadczenie wspieraj\u0105ce<\/h3>\n\n\n\n<p>Ustawa z&nbsp;dnia 7 lipca 2023 r. o&nbsp;\u015bwiadczeniu wspieraj\u0105cym &nbsp;(Dz. U. z&nbsp;2023 r., poz. 1429) &nbsp;wprowadza &nbsp;od 1 stycznia 2024 r. nowy rodzaj \u015bwiadczenia &#8211; \u015bwiadczenie wspieraj\u0105ce,&nbsp;<strong>kt\u00f3re b\u0119dzie skierowane bezpo\u015brednio do os\u00f3b z&nbsp;niepe\u0142nosprawno\u015bciami. Uprawnionymi do \u015bwiadczenia wspieraj\u0105cego b\u0119d\u0105 osoby z&nbsp;niepe\u0142nosprawno\u015bciami w&nbsp;wieku od uko\u0144czenia 18 roku \u017cycia,<\/strong>&nbsp;kt\u00f3re uzyskaj\u0105 decyzj\u0119 &nbsp;ustalaj\u0105c\u0105 poziom potrzeby wsparcia&nbsp; &#8211; na poziomie od 70 pkt do 100 pkt.&nbsp; Poziom potrzeby wsparcia b\u0119dzie ustalany w&nbsp;formie decyzji przez wojew\u00f3dzkie zespo\u0142y do spraw orzekania o&nbsp;niepe\u0142nosprawno\u015bci, natomiast przyznawania i&nbsp;wyp\u0142acanie, na podstawie ww. decyzji o&nbsp;poziomie potrzeby wsparcia, \u015bwiadczenie wspieraj\u0105ce b\u0119dzie, na wniosek (w postaci elektronicznej) osoby z&nbsp;niepe\u0142nosprawno\u015bciami lub jej przedstawiciela b\u0119dzie przyznawa\u0142 i&nbsp;wyp\u0142aca\u0142&nbsp; \u015bwiadczenie b\u0119dzie Zak\u0142ad Ubezpiecze\u0144 Spo\u0142ecznych.&nbsp;&nbsp;Wnioski o&nbsp;wydanie decyzji ustalaj\u0105cej poziom potrzeby wsparcia b\u0119dzie mo\u017cna sk\u0142ada si\u0119 od 1 stycznia 2024 r.<\/p>\n\n\n\n<p>&nbsp;&nbsp;Wprowadzono trzy terminy, od kiedy b\u0119dzie dost\u0119pne \u015bwiadczenie wspieraj\u0105ce:&nbsp;<\/p>\n\n\n\n<ul class=\"wp-block-list\">\n<li><strong>od 1 stycznia 2024 r.<\/strong>&nbsp;\u2013 z&nbsp;ustalonym poziomem potrzeby wsparcia&nbsp;<strong>od 87 do 100 pkt,&nbsp;&nbsp;<\/strong>&nbsp;<\/li>\n\n\n\n<li><strong>od 1 stycznia 2025 r.<\/strong>&nbsp;\u2013 z&nbsp;ustalonym poziomem potrzeby wsparcia&nbsp;<strong>od 78 do 86 pkt<\/strong>,&nbsp;<\/li>\n\n\n\n<li><strong>od 1 stycznia 2026 r.<\/strong>&nbsp;\u2013 z&nbsp;ustalonym poziomem potrzeby wsparcia od<strong>&nbsp;70&nbsp; do 77 pkt<\/strong>.&nbsp;<\/li>\n<\/ul>\n\n\n\n<p>Wysoko\u015b\u0107 \u015bwiadczenia wspieraj\u0105cego b\u0119dzie uzale\u017cniona od poziomu potrzeby wsparcia. Dla os\u00f3b z&nbsp;najni\u017cszym poziomem wsparcia b\u0119dzie wynosi\u0107 40% kwoty renty socjalnej do maksymalnej wysoko\u015bci 220% renty socjalnej.<\/p>\n\n\n\n<p><strong>Podstawa prawna:<\/strong><\/p>\n\n\n\n<p>Ustawa z&nbsp;dnia 7 lipca 2023 r. o&nbsp;\u015bwiadczeniu wspieraj\u0105cym &nbsp;(Dz. U. z&nbsp;2023 r., poz. 1429) &#8211;<a href=\"https:\/\/isap.sejm.gov.pl\/isap.nsf\/download.xsp\/WDU20230001429\/O\/D20231429.pdf\">https:\/\/isap.sejm.gov.pl\/isap.nsf\/download.xsp\/WDU20230001429\/O\/D20231429.pdf<\/a><\/p>\n\n\n\n<p>Przydatne linki:<\/p>\n\n\n\n<figure class=\"wp-block-embed\"><div class=\"wp-block-embed__wrapper\">\nhttps:\/\/www.gov.pl\/web\/rodzina\/swiadczenie-wspierajace-i-swiadczenie-pielegnacyjne&#8212;informacje\n<\/div><\/figure>\n","protected":false},"excerpt":{"rendered":"<p>W zwi\u0105zku z&nbsp;wej\u015bciem w&nbsp;\u017cycie&nbsp;1 stycznia 2024 r. ustawy z&nbsp;dnia 7 lipca 2023 r.&nbsp; o&nbsp;\u015bwiadczeniu wspieraj\u0105cym &nbsp;(Dz. U. z&nbsp;2023 r., poz. 1429)&nbsp;zmianom ulegaj\u0105 od 1 stycznia 2024 r. przepisy dotycz\u0105ce ustalania uprawnie\u0144 do \u015bwiadczenia piel\u0119gnacyjnego, specjalnego zasi\u0142ku opieku\u0144czego i&nbsp;zasi\u0142ku dla opiekuna. Od 1 stycznia 2024 r. zmieni\u0105 si\u0119 zasady ubiegania si\u0119 o&nbsp;\u015bwiadczenie piel\u0119gnacyjne.&nbsp; Od nowego roku m. in. \u015bwiadczenie b\u0119dzie przys\u0142ugiwa\u0142o opiekunom os\u00f3b z&nbsp;niepe\u0142nosprawno\u015bci\u0105 wy\u0142\u0105cznie do uko\u0144czenia przez nie 18 roku \u017cycia, a&nbsp;tak\u017ce b\u0119dzie mo\u017cliwe \u0142\u0105czenie \u015bwiadczenia piel\u0119gnacyjnego z&nbsp;prac\u0105. Jednocze\u015bnie zlikwidowany zastanie specjalny zasi\u0142ek opieku\u0144czy. \u015awiadczenie piel\u0119gnacyjne na nowych zasadach \u015awiadczenie piel\u0119gnacyjne b\u0119dzie przys\u0142ugiwa\u0107&nbsp;opiekunom os\u00f3b z&nbsp;niepe\u0142nosprawno\u015bci\u0105 wy\u0142\u0105cznie do uko\u0144czenia przez nie\u2026<\/p>\n<p> <a class=\"continue-reading-link\" href=\"https:\/\/gopsradymno.pl\/index.php\/2023\/09\/28\/informacja-o-zmianach-dotyczacych-uprawnien-do-swiadczenia-pielegnacyjnego-specjalnego-zasilku-opiekunczego-i-zasilku-dla-opiekuna-od-1-stycznia-2024-r\/\"><span>Wi\u0119cej<\/span><i class=\"crycon-right-dir\"><\/i><\/a> <\/p>\n","protected":false},"author":2,"featured_media":0,"comment_status":"closed","ping_status":"open","sticky":false,"template":"","format":"standard","meta":{"footnotes":""},"categories":[1],"tags":[],"class_list":["post-1173","post","type-post","status-publish","format-standard","hentry","category-aktualnosci"],"_links":{"self":[{"href":"https:\/\/gopsradymno.pl\/index.php\/wp-json\/wp\/v2\/posts\/1173","targetHints":{"allow":["GET"]}}],"collection":[{"href":"https:\/\/gopsradymno.pl\/index.php\/wp-json\/wp\/v2\/posts"}],"about":[{"href":"https:\/\/gopsradymno.pl\/index.php\/wp-json\/wp\/v2\/types\/post"}],"author":[{"embeddable":true,"href":"https:\/\/gopsradymno.pl\/index.php\/wp-json\/wp\/v2\/users\/2"}],"replies":[{"embeddable":true,"href":"https:\/\/gopsradymno.pl\/index.php\/wp-json\/wp\/v2\/comments?post=1173"}],"version-history":[{"count":1,"href":"https:\/\/gopsradymno.pl\/index.php\/wp-json\/wp\/v2\/posts\/1173\/revisions"}],"predecessor-version":[{"id":1174,"href":"https:\/\/gopsradymno.pl\/index.php\/wp-json\/wp\/v2\/posts\/1173\/revisions\/1174"}],"wp:attachment":[{"href":"https:\/\/gopsradymno.pl\/index.php\/wp-json\/wp\/v2\/media?parent=1173"}],"wp:term":[{"taxonomy":"category","embeddable":true,"href":"https:\/\/gopsradymno.pl\/index.php\/wp-json\/wp\/v2\/categories?post=1173"},{"taxonomy":"post_tag","embeddable":true,"href":"https:\/\/gopsradymno.pl\/index.php\/wp-json\/wp\/v2\/tags?post=1173"}],"curies":[{"name":"wp","href":"https:\/\/api.w.org\/{rel}","templated":true}]}}