{"id":1176,"date":"2023-10-28T17:51:57","date_gmt":"2023-10-28T15:51:57","guid":{"rendered":"https:\/\/gopsradymno.pl\/?p=1176"},"modified":"2023-10-28T17:52:42","modified_gmt":"2023-10-28T15:52:42","slug":"kampania-19-dni-przeciw-przemocy-wobec-dzieci-i-mlodziezy-i-16-dni-akcji-przeciw-przemocy-ze-wzgledu-na-plec","status":"publish","type":"post","link":"https:\/\/gopsradymno.pl\/index.php\/2023\/10\/28\/kampania-19-dni-przeciw-przemocy-wobec-dzieci-i-mlodziezy-i-16-dni-akcji-przeciw-przemocy-ze-wzgledu-na-plec\/","title":{"rendered":"<strong>Kampania\u00a0 \u201e19 dni przeciw przemocy wobec dzieci i m\u0142odzie\u017cy\u201d i \u201e16 dni akcji przeciw przemocy ze wzgl\u0119du na p\u0142e\u0107\u201d<\/strong>"},"content":{"rendered":"\n<p>Uprzejmie informujemy, \u017ce Gminny O\u015brodek Pomocy Spo\u0142ecznej w Radymnie wraz z Zespo\u0142em Kuratorskiej S\u0142u\u017cby S\u0105dowej S\u0105du Rejonowego w Jaros\u0142awiu przyst\u0119puj\u0105 do &nbsp;<strong>Kampanii Przeciw Przemocy, pn.: \u201e19 dni przeciw przemocy wobec dzieci i m\u0142odzie\u017cy\u201d<\/strong>&nbsp; <strong><u>w dniach od 1 &nbsp;do 19 listopada 2023 r. oraz do kampanii <\/u><\/strong><strong><u>\u201e16 dni akcji przeciw przemocy ze wzgl\u0119du na p\u0142e\u0107\u201d <\/u><\/strong><strong><u>&nbsp;<\/u><\/strong><\/p>\n\n\n\n<p><strong><u>w dniach od 25 listopada do 10 grudnia 2023 r.<\/u><\/strong><\/p>\n\n\n\n<p>\u00a0W ramach tych kampanii <strong>odb\u0119d\u0105 si\u0119<\/strong> w siedzibie Gminnego O\u015brodka Pomocy Spo\u0142ecznej\u00a0w Radymnie, ul. Lwowska 38, parter, pok\u00f3j nr 3<strong> dy\u017cury kurator\u00f3w zawodowych w dniach:<\/strong><\/p>\n\n\n\n<p><strong>&nbsp;&#8211; 7.11.2023r.&nbsp; i 14.11. 2023r. &nbsp;w godzinach od 11 do 13.<\/strong><\/p>\n\n\n\n<p><strong>oraz<\/strong><\/p>\n\n\n\n<p><strong>&#8211; 28.11. 2023 r. i 5.12.2023 r. w godzinach od 11 do 13.<\/strong><\/p>\n\n\n\n<p>&nbsp;&nbsp;&nbsp;&nbsp;&nbsp;&nbsp;&nbsp;&nbsp; \u201e19 dni przeciwko przemocy i krzywdzeniu dzieci oraz m\u0142odzie\u017cy\u201d \u2013 to coroczna kampania prowadzona we wszystkich krajach \u015bwiata. G\u0142\u00f3wnym organizatorem tych dzia\u0142a\u0144 jest <em>Women\u2019s World Summit Fundation<\/em> \u2013 genewska organizacja, zajmuj\u0105ca si\u0119 prawami dzieci i kobiet. G\u0142\u00f3wnym celem kampanii jest budowanie \u015bwiata, w kt\u00f3rym nie ma przemocy wobec dzieci i m\u0142odzie\u017cy. \u015awiata lepszego, bezpiecznego, gwarantuj\u0105cego wszystkim odpowiednie warunki dorastania i rozwoju.<\/p>\n\n\n\n<p>&nbsp;&nbsp;&nbsp;&nbsp;&nbsp;&nbsp;&nbsp;&nbsp;&nbsp;&nbsp;&nbsp; \u201e16 dni akcji przeciw przemocy ze wzgl\u0119du na p\u0142e\u0107\u201d \u2013 to spo\u0142eczna inicjatywa, kt\u00f3ra zosta\u0142a stworzona przez m\u0119\u017cczyzn i jest g\u0142\u00f3wnie adresowana przez nich. Zmierza do w\u0142\u0105czenia m\u0119\u017cczyzn w przeciwdzia\u0142anie przemocy wobec kobiet. Bia\u0142a wst\u0105\u017cka symbolizuje zobowi\u0105zanie do przerwania milczenia w kwestiach przemocy wobec kobiet i powstrzymania si\u0119 od wszelkich form jej stosowania. Rokrocznie na ca\u0142ym \u015bwiecie w okresie od 25 listopada do 10 grudnia, kampania ta jest organizowana przez wiele \u015brodowisk, zajmuj\u0105cych si\u0119 przeciwdzia\u0142aniem przemocy wobec kobiet i rodziny.<\/p>\n","protected":false},"excerpt":{"rendered":"<p>Uprzejmie informujemy, \u017ce Gminny O\u015brodek Pomocy Spo\u0142ecznej w Radymnie wraz z Zespo\u0142em Kuratorskiej S\u0142u\u017cby S\u0105dowej S\u0105du Rejonowego w Jaros\u0142awiu przyst\u0119puj\u0105 do &nbsp;Kampanii Przeciw Przemocy, pn.: \u201e19 dni przeciw przemocy wobec dzieci i m\u0142odzie\u017cy\u201d&nbsp; w dniach od 1 &nbsp;do 19 listopada 2023 r. oraz do kampanii \u201e16 dni akcji przeciw przemocy ze wzgl\u0119du na p\u0142e\u0107\u201d &nbsp; w dniach od 25 listopada do 10 grudnia 2023 r. \u00a0W ramach tych kampanii odb\u0119d\u0105 si\u0119 w siedzibie Gminnego O\u015brodka Pomocy Spo\u0142ecznej\u00a0w Radymnie, ul. Lwowska 38, parter, pok\u00f3j nr 3 dy\u017cury kurator\u00f3w zawodowych w dniach: &nbsp;&#8211; 7.11.2023r.&nbsp; i 14.11. 2023r. &nbsp;w godzinach od 11 do\u2026<\/p>\n<p> <a class=\"continue-reading-link\" href=\"https:\/\/gopsradymno.pl\/index.php\/2023\/10\/28\/kampania-19-dni-przeciw-przemocy-wobec-dzieci-i-mlodziezy-i-16-dni-akcji-przeciw-przemocy-ze-wzgledu-na-plec\/\"><span>Wi\u0119cej<\/span><i class=\"crycon-right-dir\"><\/i><\/a> <\/p>\n","protected":false},"author":2,"featured_media":1177,"comment_status":"closed","ping_status":"open","sticky":false,"template":"","format":"standard","meta":{"footnotes":""},"categories":[1,27],"tags":[],"class_list":["post-1176","post","type-post","status-publish","format-standard","has-post-thumbnail","hentry","category-aktualnosci","category-aktualnoscihp"],"_links":{"self":[{"href":"https:\/\/gopsradymno.pl\/index.php\/wp-json\/wp\/v2\/posts\/1176","targetHints":{"allow":["GET"]}}],"collection":[{"href":"https:\/\/gopsradymno.pl\/index.php\/wp-json\/wp\/v2\/posts"}],"about":[{"href":"https:\/\/gopsradymno.pl\/index.php\/wp-json\/wp\/v2\/types\/post"}],"author":[{"embeddable":true,"href":"https:\/\/gopsradymno.pl\/index.php\/wp-json\/wp\/v2\/users\/2"}],"replies":[{"embeddable":true,"href":"https:\/\/gopsradymno.pl\/index.php\/wp-json\/wp\/v2\/comments?post=1176"}],"version-history":[{"count":2,"href":"https:\/\/gopsradymno.pl\/index.php\/wp-json\/wp\/v2\/posts\/1176\/revisions"}],"predecessor-version":[{"id":1179,"href":"https:\/\/gopsradymno.pl\/index.php\/wp-json\/wp\/v2\/posts\/1176\/revisions\/1179"}],"wp:featuredmedia":[{"embeddable":true,"href":"https:\/\/gopsradymno.pl\/index.php\/wp-json\/wp\/v2\/media\/1177"}],"wp:attachment":[{"href":"https:\/\/gopsradymno.pl\/index.php\/wp-json\/wp\/v2\/media?parent=1176"}],"wp:term":[{"taxonomy":"category","embeddable":true,"href":"https:\/\/gopsradymno.pl\/index.php\/wp-json\/wp\/v2\/categories?post=1176"},{"taxonomy":"post_tag","embeddable":true,"href":"https:\/\/gopsradymno.pl\/index.php\/wp-json\/wp\/v2\/tags?post=1176"}],"curies":[{"name":"wp","href":"https:\/\/api.w.org\/{rel}","templated":true}]}}