{"id":1181,"date":"2023-11-07T08:11:16","date_gmt":"2023-11-07T07:11:16","guid":{"rendered":"https:\/\/gopsradymno.pl\/?p=1181"},"modified":"2023-11-07T22:13:47","modified_gmt":"2023-11-07T21:13:47","slug":"opieka-wytchnieniowa-edycja-2024","status":"publish","type":"post","link":"https:\/\/gopsradymno.pl\/index.php\/2023\/11\/07\/opieka-wytchnieniowa-edycja-2024\/","title":{"rendered":"OPIEKA WYTCHNIENIOWA \u2013 EDYCJA 2024"},"content":{"rendered":"\n<h1 class=\"wp-block-heading\"><\/h1>\n\n\n\n<p>&nbsp;Gminny O\u015brodek Pomocy Spo\u0142ecznej w Radymnie informuje, \u017ce zosta\u0142 og\u0142oszony nab\u00f3r uczestnik\u00f3w do Programu \u201eOpieka wytchnieniow\u0105\u201d \u2013 edycja 2024 finansowanego ze \u015brodk\u00f3w Funduszu Solidarno\u015bciowego.<\/p>\n\n\n\n<p>&nbsp;G\u0142\u00f3wnym celem Programu jest wsparcie cz\u0142onk\u00f3w rodzin lub opiekun\u00f3w sprawuj\u0105cych G\u0142\u00f3wnym celem Programu jest wsparcie cz\u0142onk\u00f3w rodzin lub opiekun\u00f3w sprawuj\u0105cych bezpo\u015bredni\u0105 opiek\u0119 nad:<\/p>\n\n\n\n<p><strong>1) dzie\u0107mi z orzeczeniem o niepe\u0142nosprawno\u015bci lub<\/strong><\/p>\n\n\n\n<p><strong>2) osobami posiadaj\u0105cymi:<\/strong><\/p>\n\n\n\n<ol class=\"wp-block-list\" type=\"1\" start=\"1\">\n<li>a) orzeczenie o znacznym stopniu niepe\u0142nosprawno\u015bci albo<\/li>\n\n\n\n<li>b) orzeczenie traktowane na r\u00f3wni z orzeczeniem o znacznym stopniu niepe\u0142nosprawno\u015bci (zgodnie z art. 5 i art. 62 ww. ustawy z dnia 27&nbsp;sierpnia 1997 r. o rehabilitacji zawodowej i spo\u0142ecznej oraz zatrudnianiu os\u00f3b niepe\u0142nosprawnych)<\/li>\n<\/ol>\n\n\n\n<p>Program realizowany jest w dw\u00f3ch formach:<\/p>\n\n\n\n<ol class=\"wp-block-list\" type=\"1\" start=\"1\">\n<li>\u015bwiadczenia us\u0142ug opieki wytchnieniowej w ramach pobytu dziennego,<\/li>\n\n\n\n<li>\u015bwiadczenia us\u0142ug opieki wytchnieniowej w ramach pobytu ca\u0142odobowego.<\/li>\n<\/ol>\n\n\n\n<p>Tre\u015b\u0107 Programu wraz z za\u0142\u0105cznikami dost\u0119pna jest na stronie Pe\u0142nomocnika Rz\u0105du ds. Os\u00f3b Niepe\u0142nosprawnych pod adresem:<\/p>\n\n\n\n<p>Zg\u0142osze\u0144 do programu mo\u017cna dokonywa\u0107 do dnia&nbsp;<strong>10 listopada 2023 r. w siedzibie Gminnego O\u015brodka Pomocy Spo\u0142ecznej w Radymnie, <\/strong>ul. Lwowska 38, &nbsp;w godzinach 8:00-14:00&nbsp;<br>\u2013 osobi\u015bcie pok\u00f3j nr 3<\/p>\n\n\n\n<p>&nbsp;Zg\u0142oszenia kt\u00f3re wp\u0142yn\u0105 po wyznaczonym terminie nie zostan\u0105 uwzgl\u0119dnione w tej edycji.<\/p>\n\n\n\n<p>Zg\u0142oszenie nale\u017cy z\u0142o\u017cy\u0107 na za\u0142\u0105czonej Karcie zg\u0142oszenia do Programu ,,Opieka wytchnieniowa\u201d edycja 2024 + RODO<a><\/a><\/p>\n\n\n\n<p>Niniejsza informacja ma pos\u0142u\u017cy\u0107 diagnozie potrzeb os\u00f3b zainteresowanych t\u0105 form\u0105 pomocy oraz kalkulacji \u015brodk\u00f3w na realizacj\u0119 zadania na rok 2024.<\/p>\n\n\n\n<p><strong>Przed dokonaniem zg\u0142oszenia nale\u017cy\u00a0 szczeg\u00f3\u0142owo\u00a0 zapozna\u0107 si\u0119 z tre\u015bci\u0105 programu <\/strong>Szczeg\u00f3\u0142owe informacje o programie znajdziecie Pa\u0144stwo klikaj\u0105c link:<a href=\"https:\/\/niepelnosprawni.gov.pl\/a,1488,nabor-wnioskow-w-ramach-programu-resortowego-ministra-rodziny-i-polityki-spolecznej-opieka-wytchnieniowa-dla-jednostek-samorzadu-terytorialnego-edycja-2024\"><strong>https:\/\/niepelnosprawni.gov.pl\/a,1488,nabor-wnioskow-w-ramach-programu-resortowego-ministra-rodziny-i-polityki-spolecznej-opieka-wytchnieniowa-dla-jednostek-samorzadu-terytorialnego-edycja-2024<\/strong><\/a><\/p>\n\n\n\n<p><\/p>\n\n\n\n<p><strong>Za\u0142\u0105czniki:<\/strong><\/p>\n\n\n\n<p><a href=\"https:\/\/gopsradymno.pl\/wp-content\/uploads\/2023\/11\/Zalacznik-nr-7-do-Programu-OW-JST-2024-karta-zgloszenia-do-programu-16986712241.docx\">Zalacznik-nr-7-do-Programu-OW-JST-2024-karta-zgloszenia-do-programu-1698671224<\/a><\/p>\n\n\n\n<p><a href=\"https:\/\/gopsradymno.pl\/wp-content\/uploads\/2023\/11\/Zalacznik-nr-12-do-Programu-OW-JST-2024-klauzula-rodo-1698671223.docx\">Zalacznik-nr-12-do-Programu-OW-JST-2024-klauzula-rodo-1698671223<\/a><\/p>\n","protected":false},"excerpt":{"rendered":"<p>&nbsp;Gminny O\u015brodek Pomocy Spo\u0142ecznej w Radymnie informuje, \u017ce zosta\u0142 og\u0142oszony nab\u00f3r uczestnik\u00f3w do Programu \u201eOpieka wytchnieniow\u0105\u201d \u2013 edycja 2024 finansowanego ze \u015brodk\u00f3w Funduszu Solidarno\u015bciowego. &nbsp;G\u0142\u00f3wnym celem Programu jest wsparcie cz\u0142onk\u00f3w rodzin lub opiekun\u00f3w sprawuj\u0105cych G\u0142\u00f3wnym celem Programu jest wsparcie cz\u0142onk\u00f3w rodzin lub opiekun\u00f3w sprawuj\u0105cych bezpo\u015bredni\u0105 opiek\u0119 nad: 1) dzie\u0107mi z orzeczeniem o niepe\u0142nosprawno\u015bci lub 2) osobami posiadaj\u0105cymi: Program realizowany jest w dw\u00f3ch formach: Tre\u015b\u0107 Programu wraz z za\u0142\u0105cznikami dost\u0119pna jest na stronie Pe\u0142nomocnika Rz\u0105du ds. Os\u00f3b Niepe\u0142nosprawnych pod adresem: Zg\u0142osze\u0144 do programu mo\u017cna dokonywa\u0107 do dnia&nbsp;10 listopada 2023 r. w siedzibie Gminnego O\u015brodka Pomocy Spo\u0142ecznej w Radymnie, ul. Lwowska 38,\u2026<\/p>\n<p> <a class=\"continue-reading-link\" href=\"https:\/\/gopsradymno.pl\/index.php\/2023\/11\/07\/opieka-wytchnieniowa-edycja-2024\/\"><span>Wi\u0119cej<\/span><i class=\"crycon-right-dir\"><\/i><\/a> <\/p>\n","protected":false},"author":2,"featured_media":0,"comment_status":"closed","ping_status":"open","sticky":false,"template":"","format":"standard","meta":{"footnotes":""},"categories":[1,27],"tags":[],"class_list":["post-1181","post","type-post","status-publish","format-standard","hentry","category-aktualnosci","category-aktualnoscihp"],"_links":{"self":[{"href":"https:\/\/gopsradymno.pl\/index.php\/wp-json\/wp\/v2\/posts\/1181","targetHints":{"allow":["GET"]}}],"collection":[{"href":"https:\/\/gopsradymno.pl\/index.php\/wp-json\/wp\/v2\/posts"}],"about":[{"href":"https:\/\/gopsradymno.pl\/index.php\/wp-json\/wp\/v2\/types\/post"}],"author":[{"embeddable":true,"href":"https:\/\/gopsradymno.pl\/index.php\/wp-json\/wp\/v2\/users\/2"}],"replies":[{"embeddable":true,"href":"https:\/\/gopsradymno.pl\/index.php\/wp-json\/wp\/v2\/comments?post=1181"}],"version-history":[{"count":3,"href":"https:\/\/gopsradymno.pl\/index.php\/wp-json\/wp\/v2\/posts\/1181\/revisions"}],"predecessor-version":[{"id":1185,"href":"https:\/\/gopsradymno.pl\/index.php\/wp-json\/wp\/v2\/posts\/1181\/revisions\/1185"}],"wp:attachment":[{"href":"https:\/\/gopsradymno.pl\/index.php\/wp-json\/wp\/v2\/media?parent=1181"}],"wp:term":[{"taxonomy":"category","embeddable":true,"href":"https:\/\/gopsradymno.pl\/index.php\/wp-json\/wp\/v2\/categories?post=1181"},{"taxonomy":"post_tag","embeddable":true,"href":"https:\/\/gopsradymno.pl\/index.php\/wp-json\/wp\/v2\/tags?post=1181"}],"curies":[{"name":"wp","href":"https:\/\/api.w.org\/{rel}","templated":true}]}}