{"id":1216,"date":"2024-01-12T11:07:34","date_gmt":"2024-01-12T10:07:34","guid":{"rendered":"https:\/\/gopsradymno.pl\/?p=1216"},"modified":"2024-01-12T11:07:34","modified_gmt":"2024-01-12T10:07:34","slug":"samodzielnosc-aktywnosc-mobilnosc","status":"publish","type":"post","link":"https:\/\/gopsradymno.pl\/index.php\/2024\/01\/12\/samodzielnosc-aktywnosc-mobilnosc\/","title":{"rendered":"<strong>SAMODZIELNO\u015a\u0106 \u2013 AKTYWNO\u015a\u0106 \u2013 MOBILNO\u015a\u0106<\/strong>"},"content":{"rendered":"\n<p><\/p>\n\n\n\n<p>Pa\u0144stwowy Fundusz Rehabilitacji Os\u00f3b Niepe\u0142nosprawnych realizuje programy mieszkaniowe z pakietu \u201eSamodzielno\u015b\u0107\u2013 Aktywno\u015b\u0107 \u2013 Mobilno\u015b\u0107!\u201d (S-A-M). S\u0105 to programy \u201eMieszkanie dla absolwenta\u201d oraz \u201eDost\u0119pne mieszkanie\u201d.<\/p>\n\n\n\n<p>Te inicjatywy s\u0142u\u017c\u0105 rozwi\u0105zaniu jednego z najbardziej istotnych problem\u00f3w, czyli braku mieszkania, w szczeg\u00f3lno\u015bci spe\u0142niaj\u0105cego indywidualne kryterium dost\u0119pno\u015bci.<br>Poczucie komfortu, ch\u0119\u0107 stworzenia w\u0142asnego miejsca, w kt\u00f3rym czujemy si\u0119 wygodnie i bezpiecznie, s\u0105 wa\u017cne dla ka\u017cdego, a zw\u0142aszcza dla os\u00f3b ze szczeg\u00f3lnymi potrzebami.<\/p>\n\n\n\n<p>Celem obu program\u00f3w jest wzrost niezale\u017cnego \u017cycia oraz u\u0142atwienie aktywno\u015bci zawodowej i spo\u0142ecznej os\u00f3b z niepe\u0142nosprawno\u015bci\u0105.<\/p>\n\n\n\n<p><strong>Mieszkanie dla absolwenta<\/strong><\/p>\n\n\n\n<p>Jeden z modu\u0142\u00f3w programu S-A-M skierowany jest do os\u00f3b m\u0142odych, kt\u00f3re rozpoczynaj\u0105 samodzielne \u017cycie, r\u00f3wnie\u017c zawodowe \u2013 jest to \u201eMieszkanie dla absolwenta\u201d.<\/p>\n\n\n\n<p>Program przeznaczony jest dla os\u00f3b z niepe\u0142nosprawno\u015bci\u0105, kt\u00f3re ko\u0144cz\u0105 edukacj\u0119 oraz chc\u0105 samodzielnie i niezale\u017cnie rozpocz\u0105\u0107 aktywno\u015b\u0107 zawodow\u0105, a na przeszkodzie stoi im brak w\u0142asnego mieszkania w miejscowo\u015bci, gdzie rozpocz\u0119li prac\u0119 lub zamierzaj\u0105 j\u0105 podj\u0105\u0107.<\/p>\n\n\n\n<p>Mo\u017cesz skorzysta\u0107 z programu, je\u015bli masz orzeczenie o znacznym stopniu niepe\u0142nosprawno\u015bci lub jeste\u015b osob\u0105 z niepe\u0142nosprawno\u015bci\u0105 narz\u0105du s\u0142uchu i masz orzeczenie o co najmniej umiarkowanym stopniu niepe\u0142nosprawno\u015bci.<\/p>\n\n\n\n<p>Istotnym warunkiem jest posiadanie statusu absolwenta szko\u0142y podstawowej, ponadpodstawowej lub szko\u0142y wy\u017cszej w okresie 36 miesi\u0119cy poprzedzaj\u0105cych termin z\u0142o\u017cenia wniosku w programie.<\/p>\n\n\n\n<p>Z programu mog\u0105 te\u017c skorzysta\u0107 osoby, kt\u00f3re opuszczaj\u0105 rodziny zast\u0119pcze, rodzinne domy dziecka lub plac\u00f3wki opieku\u0144czo-wychowawcze.<\/p>\n\n\n\n<p>Je\u015bli z\u0142o\u017cysz o\u015bwiadczenie, \u017ce nie jeste\u015b w\u0142a\u015bcicielem mieszkania ani nie przys\u0142uguje Ci sp\u00f3\u0142dzielcze prawo do lokalu w miejscowo\u015bci, w kt\u00f3rej pracujesz lub poszukujesz pracy, mo\u017cesz uzyska\u0107 dofinasowanie do wynajmu mieszkania, kt\u00f3re spe\u0142nia twoje indywidualne kryterium dost\u0119pno\u015bci. Dofinansowanie do wynajmu takiego mieszkania lub domu jednorodzinnego jest udzielane na okres poszukiwania pracy i rozpocz\u0119cia zatrudnienia. Obecnie mo\u017ce to by\u0107 nawet 60 miesi\u0119cy.<\/p>\n\n\n\n<p><strong>Dost\u0119pne mieszkanie<\/strong><\/p>\n\n\n\n<p>\u201eDost\u0119pne mieszkanie\u201d to program skierowany do os\u00f3b z niepe\u0142nosprawno\u015bci\u0105, kt\u00f3re w swoim mieszkaniu maj\u0105 bariery ograniczaj\u0105ce codzienne funkcjonowanie. Dzi\u0119ki wsparciu PFRON mog\u0105 zamieni\u0107 mieszkanie na inne, pozbawione barier architektonicznych. Program pozwala na otrzymanie dop\u0142aty do zmiany mieszkania na takie, kt\u00f3re znajduje si\u0119 na parterze lub w blokach z wind\u0105 do poziomu zero przed budynkiem.<\/p>\n\n\n\n<p>\u201eDost\u0119pne mieszkanie\u201d ma wspom\u00f3c niezale\u017cno\u015b\u0107 os\u00f3b z niepe\u0142nosprawno\u015bci\u0105, a tak\u017ce u\u0142atwi\u0107 im aktywno\u015b\u0107 zawodow\u0105 i spo\u0142eczn\u0105 poprzez zapewnienie mieszkania dost\u0119pnego. Mieszkanie wolne od wszelkich barier architektonicznych mo\u017ce by\u0107 bowiem podstaw\u0105 samodzielnego realizowania plan\u00f3w zawodowych i spo\u0142ecznych, zw\u0142aszcza dla os\u00f3b z niepe\u0142nosprawno\u015bci\u0105 narz\u0105du ruchu.<\/p>\n\n\n\n<p>Je\u015bli poruszasz si\u0119 na w\u00f3zku inwalidzkim i masz mieszkanie lub dom, z kt\u00f3rego nie mo\u017cesz samodzielnie wyj\u015b\u0107 na zewn\u0105trz na poziom zero przed budynkiem, <a>mo\u017cesz uzyska\u0107 dop\u0142at\u0119 do zakupu mieszkania lub domu w lokalizacji, kt\u00f3ra umo\u017cliwi samodzielne opuszczenie go. <\/a>Je\u015bli wniosek dotyczy osoby ma\u0142oletniej lub ubezw\u0142asnowolnionej, wniosek sk\u0142ada jej opiekun prawny.<\/p>\n\n\n\n<p>Istotnym warunkiem jest dysponowanie tytu\u0142em prawnym do lokalu na mocy prawa w\u0142asno\u015bci lub sp\u00f3\u0142dzielczego w\u0142asno\u015bciowego prawa do lokalu.<\/p>\n\n\n\n<p>Co istotne, wysoko\u015b\u0107 dofinansowania do mieszkania wolnego od barier jest zale\u017cna od lokalizacji, w kt\u00f3rej nabywane jest mieszkanie i stanowi r\u00f3\u017cnic\u0119 mi\u0119dzy cen\u0105 mieszkania nabywanego i sprzedawanego.<\/p>\n\n\n\n<p>Niezwykle korzystn\u0105 zmian\u0105 wprowadzon\u0105 w programie jest odst\u0105pienie od dotychczasowego ograniczenia wsparcia dla os\u00f3b powy\u017cej 65 roku \u017cycia. To oznacza, \u017ce seniorzy poruszaj\u0105cy si\u0119 na w\u00f3zkach inwalidzkich r\u00f3wnie\u017c mog\u0105 stara\u0107 si\u0119 o pomoc w programie \u201eDost\u0119pne mieszkanie\u201d.<\/p>\n\n\n\n<p><strong>Jak z\u0142o\u017cy\u0107 wniosek?<\/strong><\/p>\n\n\n\n<p>Wniosek o dofinansowanie z\u0142\u00f3\u017c przez internet w Systemie Obs\u0142ugi Wsparcia (SOW) na stronie https:\/\/<strong>sow.pfron.org.pl<\/strong>.<\/p>\n\n\n\n<p>Mo\u017cesz to zrobi\u0107 samodzielnie lub z pomoc\u0105 pracownik\u00f3w powiatu, pod warunkiem \u017ce z\u0142o\u017cysz wniosek na swoim sprz\u0119cie elektronicznym, kt\u00f3ry zapewnia transmisj\u0119 danych.<\/p>\n\n\n\n<p>Program realizuje samorz\u0105d powiatu, w kt\u00f3rym mieszkasz.<\/p>\n\n\n\n<p>Nab\u00f3r wniosk\u00f3w do programu \u201eMieszkanie dla absolwenta\u201d prowadzony jest w trybie ci\u0105g\u0142ym, do wyczerpania bud\u017cetu programu. Wniosek do programu \u201eDost\u0119pne mieszkanie\u201d r\u00f3wnie\u017c mo\u017cesz z\u0142o\u017cy\u0107 w ka\u017cdym czasie, ale nie p\u00f3\u017aniej ni\u017c do 31.12.2024 r. lub do wyczerpania bud\u017cetu programu.<\/p>\n\n\n\n<p>Szczeg\u00f3\u0142owe informacje na temat program\u00f3w uzyskasz w Oddzia\u0142ach PFRON oraz na stronie internetowej:<\/p>\n\n\n\n<p>\u201eMieszkanie dla absolwenta\u201d<\/p>\n\n\n\n<figure class=\"wp-block-embed\"><div class=\"wp-block-embed__wrapper\">\nhttps:\/\/www.pfron.org.pl\/o-funduszu\/programy-i-zadania-pfron\/programy-i-zadania-real\/mieszkanie-dla-absolwenta\/\n<\/div><\/figure>\n\n\n\n<p>\u201eDost\u0119pne mieszkanie\u201d<\/p>\n\n\n\n<figure class=\"wp-block-embed\"><div class=\"wp-block-embed__wrapper\">\nhttps:\/\/www.pfron.org.pl\/o-funduszu\/programy-i-zadania-pfron\/programy-i-zadania-real\/dostepne-mieszkanie\/dostepne-mieszkanie\/\n<\/div><\/figure>\n\n\n\n<p>Samodzielno\u015b\u0107 \u015bci\u015ble wi\u0105\u017ce si\u0119 z aktywno\u015bci\u0105 w r\u00f3\u017cnych obszarach \u017cycia. Aktywizacja zawodowa, rozw\u00f3j integracji spo\u0142ecznej, a nawet rehabilitacja mo\u017cliwe s\u0105 w pe\u0142ni tylko wtedy, gdy osoby z niepe\u0142nosprawno\u015bci\u0105 czuj\u0105 si\u0119 komfortowo i mog\u0105 si\u0119 samorealizowa\u0107. W\u0142a\u015bnie po to wdra\u017cane s\u0105 kolejne instrumenty pakietu \u201eSamodzielno\u015b\u0107 \u2013Aktywno\u015b\u0107 \u2013 Mobilno\u015b\u0107\u201d, kt\u00f3re w spos\u00f3b znaczny podnosz\u0105 jako\u015b\u0107 \u017cycia os\u00f3b ze szczeg\u00f3lnymi potrzebami.<\/p>\n","protected":false},"excerpt":{"rendered":"<p>Pa\u0144stwowy Fundusz Rehabilitacji Os\u00f3b Niepe\u0142nosprawnych realizuje programy mieszkaniowe z pakietu \u201eSamodzielno\u015b\u0107\u2013 Aktywno\u015b\u0107 \u2013 Mobilno\u015b\u0107!\u201d (S-A-M). S\u0105 to programy \u201eMieszkanie dla absolwenta\u201d oraz \u201eDost\u0119pne mieszkanie\u201d. Te inicjatywy s\u0142u\u017c\u0105 rozwi\u0105zaniu jednego z najbardziej istotnych problem\u00f3w, czyli braku mieszkania, w szczeg\u00f3lno\u015bci spe\u0142niaj\u0105cego indywidualne kryterium dost\u0119pno\u015bci.Poczucie komfortu, ch\u0119\u0107 stworzenia w\u0142asnego miejsca, w kt\u00f3rym czujemy si\u0119 wygodnie i bezpiecznie, s\u0105 wa\u017cne dla ka\u017cdego, a zw\u0142aszcza dla os\u00f3b ze szczeg\u00f3lnymi potrzebami. Celem obu program\u00f3w jest wzrost niezale\u017cnego \u017cycia oraz u\u0142atwienie aktywno\u015bci zawodowej i spo\u0142ecznej os\u00f3b z niepe\u0142nosprawno\u015bci\u0105. Mieszkanie dla absolwenta Jeden z modu\u0142\u00f3w programu S-A-M skierowany jest do os\u00f3b m\u0142odych, kt\u00f3re rozpoczynaj\u0105 samodzielne \u017cycie, r\u00f3wnie\u017c zawodowe\u2026<\/p>\n<p> <a class=\"continue-reading-link\" href=\"https:\/\/gopsradymno.pl\/index.php\/2024\/01\/12\/samodzielnosc-aktywnosc-mobilnosc\/\"><span>Wi\u0119cej<\/span><i class=\"crycon-right-dir\"><\/i><\/a> <\/p>\n","protected":false},"author":2,"featured_media":0,"comment_status":"closed","ping_status":"open","sticky":false,"template":"","format":"standard","meta":{"footnotes":""},"categories":[1],"tags":[],"class_list":["post-1216","post","type-post","status-publish","format-standard","hentry","category-aktualnosci"],"_links":{"self":[{"href":"https:\/\/gopsradymno.pl\/index.php\/wp-json\/wp\/v2\/posts\/1216","targetHints":{"allow":["GET"]}}],"collection":[{"href":"https:\/\/gopsradymno.pl\/index.php\/wp-json\/wp\/v2\/posts"}],"about":[{"href":"https:\/\/gopsradymno.pl\/index.php\/wp-json\/wp\/v2\/types\/post"}],"author":[{"embeddable":true,"href":"https:\/\/gopsradymno.pl\/index.php\/wp-json\/wp\/v2\/users\/2"}],"replies":[{"embeddable":true,"href":"https:\/\/gopsradymno.pl\/index.php\/wp-json\/wp\/v2\/comments?post=1216"}],"version-history":[{"count":1,"href":"https:\/\/gopsradymno.pl\/index.php\/wp-json\/wp\/v2\/posts\/1216\/revisions"}],"predecessor-version":[{"id":1217,"href":"https:\/\/gopsradymno.pl\/index.php\/wp-json\/wp\/v2\/posts\/1216\/revisions\/1217"}],"wp:attachment":[{"href":"https:\/\/gopsradymno.pl\/index.php\/wp-json\/wp\/v2\/media?parent=1216"}],"wp:term":[{"taxonomy":"category","embeddable":true,"href":"https:\/\/gopsradymno.pl\/index.php\/wp-json\/wp\/v2\/categories?post=1216"},{"taxonomy":"post_tag","embeddable":true,"href":"https:\/\/gopsradymno.pl\/index.php\/wp-json\/wp\/v2\/tags?post=1216"}],"curies":[{"name":"wp","href":"https:\/\/api.w.org\/{rel}","templated":true}]}}