{"id":1280,"date":"2024-11-15T22:18:47","date_gmt":"2024-11-15T21:18:47","guid":{"rendered":"https:\/\/gopsradymno.pl\/?p=1280"},"modified":"2024-11-15T22:21:05","modified_gmt":"2024-11-15T21:21:05","slug":"opieka-wytchnieniowa-edycja-2025","status":"publish","type":"post","link":"https:\/\/gopsradymno.pl\/index.php\/2024\/11\/15\/opieka-wytchnieniowa-edycja-2025\/","title":{"rendered":"OPIEKA WYTCHNIENIOWA \u2013 EDYCJA 2025"},"content":{"rendered":"\n<p>&nbsp;Gminny O\u015brodek Pomocy Spo\u0142ecznej w Radymnie informuje, \u017ce zosta\u0142 og\u0142oszony nab\u00f3r uczestnik\u00f3w do Programu \u201eOpieka wytchnieniow\u0105\u201d \u2013 edycja 2025 finansowanego ze \u015brodk\u00f3w Funduszu Solidarno\u015bciowego.<\/p>\n\n\n\n<p>G\u0142\u00f3wnym celem Programu jest wsparcie cz\u0142onk\u00f3w rodzin lub opiekun\u00f3w sprawuj\u0105cych bezpo\u015bredni\u0105 opiek\u0119 nad:<\/p>\n\n\n\n<ol class=\"wp-block-list\">\n<li><strong>dzie\u0107mi od uko\u0144czenia 2. Roku \u017cycia do uko\u0144czenia 16. Roku \u017cycia posiadaj\u0105cymi&nbsp;&nbsp;&nbsp; orzeczenie o niepe\u0142nosprawno\u015bci<\/strong><\/li>\n<\/ol>\n\n\n\n<p><strong>&nbsp;lub<\/strong><strong><\/strong><\/p>\n\n\n\n<ul class=\"wp-block-list\">\n<li><strong>osobami posiadaj\u0105cymi:<\/strong><\/li>\n<\/ul>\n\n\n\n<p>a) orzeczenie o znacznym stopniu niepe\u0142nosprawno\u015bci albo<\/p>\n\n\n\n<p>b) osobami niepe\u0142nosprawnymi posiadaj\u0105cymi orzeczenie o znacznym stopniu niepe\u0142nosprawno\u015bci albo orzeczenie traktowane na r\u00f3wni z orzeczeniem o znacznym stopniu niepe\u0142nosprawno\u015bci, zgodnie z art. 5 i art. 62 ustawy z dnia 27 sierpnia 1997 r. o rehabilitacji zawodowej i spo\u0142ecznej oraz zatrudnianiu os\u00f3b niepe\u0142nosprawnych<\/p>\n\n\n\n<p>Program realizowany jest w dw\u00f3ch formach:<\/p>\n\n\n\n<ol class=\"wp-block-list\" start=\"1\">\n<li>\u015bwiadczenia us\u0142ug opieki wytchnieniowej w ramach pobytu dziennego,<\/li>\n\n\n\n<li>\u015bwiadczenia us\u0142ug opieki wytchnieniowej w ramach pobytu ca\u0142odobowego.<\/li>\n<\/ol>\n\n\n\n<p>Zg\u0142osze\u0144 do ww. Programu dokonuje si\u0119 <strong>na podstawie Karty zg\u0142oszenia do&nbsp;Programu \u201eOpieka Wytchnieniowa\u201d dla Jednostek Samorz\u0105du Terytorialnego \u2013 edycja 2025 wraz z&nbsp;podpisan\u0105 klauzul\u0105 RODO<\/strong><strong> <\/strong><strong>w&nbsp;terminie<\/strong> do dnia&nbsp;<strong>20 listopada 2024 r.<\/strong><\/p>\n\n\n\n<p><strong>Dokumenty nale\u017cy z\u0142o\u017cy\u0107 <\/strong>w siedzibie Gminnego O\u015brodka Pomocy Spo\u0142ecznej w Radymnie, ul.Lwowska38,&nbsp;w godzinach od 8:00 do 14:00&nbsp;\u2013 osobi\u015bcie w pokoju nr 3.<\/p>\n\n\n\n<p>Zg\u0142oszenie nale\u017cy z\u0142o\u017cy\u0107 na za\u0142\u0105czonej Karcie zg\u0142oszenia do Programu ,,Opieka wytchnieniowa\u201d edycja 2025 (za\u0142\u0105cznik nr 7) + RODO (za\u0142\u0105cznik nr 11).<\/p>\n\n\n\n<p>Niniejsza informacja ma pos\u0142u\u017cy\u0107 diagnozie potrzeb os\u00f3b zainteresowanych t\u0105 form\u0105 pomocy oraz kalkulacji \u015brodk\u00f3w na realizacj\u0119 zadania na rok 2025.<\/p>\n\n\n\n<p><strong>Przed dokonaniem zg\u0142oszenia nale\u017cy&nbsp; szczeg\u00f3\u0142owo&nbsp; zapozna\u0107 si\u0119 z tre\u015bci\u0105 programu <\/strong>Szczeg\u00f3\u0142owe informacje o programie znajdziecie Pa\u0144stwo klikaj\u0105c link:<\/p>\n\n\n\n<p><a href=\"https:\/\/niepelnosprawni.gov.pl\/a,1555,nabor-wnioskow-w-ramach-resortowego-programu-ministra-rodziny-pracy-i-polityki-spolecznej-opieka-wytchnieniowa-dla-jednostek-samorzadu-terytorialnego-edycja-2025\">https:\/\/niepelnosprawni.gov.pl\/a,1555,nabor-wnioskow-w-ramach-resortowego-programu-ministra-rodziny-pracy-i-polityki-spolecznej-opieka-wytchnieniowa-dla-jednostek-samorzadu-terytorialnego-edycja-2025<\/a><\/p>\n\n\n\n<p>Zg\u0142oszenia kt\u00f3re wp\u0142yn\u0105 po wyznaczonym terminie nie zostan\u0105 uwzgl\u0119dnione w tej edycji.<\/p>\n\n\n\n<p>Wa\u017cne!<\/p>\n\n\n\n<p>Z\u0142o\u017cenie karty zg\u0142oszenia nie jest jednoznaczne z zakwalifikowaniem si\u0119 do programu. Przyznanie us\u0142ugi uzale\u017cnione jest przede wszystkim od \u015brodk\u00f3w finansowych, kt\u00f3re gmina uzyska na realizacj\u0119 programu oraz liczby os\u00f3b, kt\u00f3re zechc\u0105 by\u0107 jego uczestnikami.<\/p>\n\n\n\n<p><strong>Za\u0142\u0105czniki:<\/strong><\/p>\n\n\n\n<p><a href=\"https:\/\/gopsradymno.pl\/wp-content\/uploads\/2024\/11\/Zalacznik-nr-7-do-Programu-OW-JST-2025_karta-zgloszenia.docx\">Zalacznik-nr-7-do-Programu-OW-JST-2025_karta zg\u0142oszenia<\/a><\/p>\n\n\n\n<p><a href=\"https:\/\/gopsradymno.pl\/wp-content\/uploads\/2024\/11\/Zalacznik-nr-11-do-Programu-OW-JST-2025_klauzula-RODO.docx\">Zalacznik-nr-11-do-Programu-OW-JST-2025_klauzula RODO<\/a><\/p>\n","protected":false},"excerpt":{"rendered":"<p>&nbsp;Gminny O\u015brodek Pomocy Spo\u0142ecznej w Radymnie informuje, \u017ce zosta\u0142 og\u0142oszony nab\u00f3r uczestnik\u00f3w do Programu \u201eOpieka wytchnieniow\u0105\u201d \u2013 edycja 2025 finansowanego ze \u015brodk\u00f3w Funduszu Solidarno\u015bciowego. G\u0142\u00f3wnym celem Programu jest wsparcie cz\u0142onk\u00f3w rodzin lub opiekun\u00f3w sprawuj\u0105cych bezpo\u015bredni\u0105 opiek\u0119 nad: &nbsp;lub a) orzeczenie o znacznym stopniu niepe\u0142nosprawno\u015bci albo b) osobami niepe\u0142nosprawnymi posiadaj\u0105cymi orzeczenie o znacznym stopniu niepe\u0142nosprawno\u015bci albo orzeczenie traktowane na r\u00f3wni z orzeczeniem o znacznym stopniu niepe\u0142nosprawno\u015bci, zgodnie z art. 5 i art. 62 ustawy z dnia 27 sierpnia 1997 r. o rehabilitacji zawodowej i spo\u0142ecznej oraz zatrudnianiu os\u00f3b niepe\u0142nosprawnych Program realizowany jest w dw\u00f3ch formach: Zg\u0142osze\u0144 do ww. Programu dokonuje si\u0119\u2026<\/p>\n<p> <a class=\"continue-reading-link\" href=\"https:\/\/gopsradymno.pl\/index.php\/2024\/11\/15\/opieka-wytchnieniowa-edycja-2025\/\"><span>Wi\u0119cej<\/span><i class=\"crycon-right-dir\"><\/i><\/a> <\/p>\n","protected":false},"author":2,"featured_media":0,"comment_status":"closed","ping_status":"open","sticky":false,"template":"","format":"standard","meta":{"footnotes":""},"categories":[1,27],"tags":[],"class_list":["post-1280","post","type-post","status-publish","format-standard","hentry","category-aktualnosci","category-aktualnoscihp"],"_links":{"self":[{"href":"https:\/\/gopsradymno.pl\/index.php\/wp-json\/wp\/v2\/posts\/1280","targetHints":{"allow":["GET"]}}],"collection":[{"href":"https:\/\/gopsradymno.pl\/index.php\/wp-json\/wp\/v2\/posts"}],"about":[{"href":"https:\/\/gopsradymno.pl\/index.php\/wp-json\/wp\/v2\/types\/post"}],"author":[{"embeddable":true,"href":"https:\/\/gopsradymno.pl\/index.php\/wp-json\/wp\/v2\/users\/2"}],"replies":[{"embeddable":true,"href":"https:\/\/gopsradymno.pl\/index.php\/wp-json\/wp\/v2\/comments?post=1280"}],"version-history":[{"count":2,"href":"https:\/\/gopsradymno.pl\/index.php\/wp-json\/wp\/v2\/posts\/1280\/revisions"}],"predecessor-version":[{"id":1284,"href":"https:\/\/gopsradymno.pl\/index.php\/wp-json\/wp\/v2\/posts\/1280\/revisions\/1284"}],"wp:attachment":[{"href":"https:\/\/gopsradymno.pl\/index.php\/wp-json\/wp\/v2\/media?parent=1280"}],"wp:term":[{"taxonomy":"category","embeddable":true,"href":"https:\/\/gopsradymno.pl\/index.php\/wp-json\/wp\/v2\/categories?post=1280"},{"taxonomy":"post_tag","embeddable":true,"href":"https:\/\/gopsradymno.pl\/index.php\/wp-json\/wp\/v2\/tags?post=1280"}],"curies":[{"name":"wp","href":"https:\/\/api.w.org\/{rel}","templated":true}]}}