{"id":1347,"date":"2025-08-20T22:46:39","date_gmt":"2025-08-20T20:46:39","guid":{"rendered":"https:\/\/gopsradymno.pl\/?p=1347"},"modified":"2025-08-20T22:46:39","modified_gmt":"2025-08-20T20:46:39","slug":"nabor-zgloszen-do-udzialu-w-programie-asystent-osobisty-osoby-z-niepelnosprawnoscia-dla-jednostek-samorzadu-terytorialnego-edycja-2026","status":"publish","type":"post","link":"https:\/\/gopsradymno.pl\/index.php\/2025\/08\/20\/nabor-zgloszen-do-udzialu-w-programie-asystent-osobisty-osoby-z-niepelnosprawnoscia-dla-jednostek-samorzadu-terytorialnego-edycja-2026\/","title":{"rendered":"Nab\u00f3r zg\u0142osze\u0144 do udzia\u0142u w Programie &#8222;Asystent osobisty osoby z niepe\u0142nosprawno\u015bci\u0105&#8221; dla Jednostek Samorz\u0105du terytorialnego &#8211; edycja 2026"},"content":{"rendered":"\n<p>Ministerstwo Rodziny, Pracy i Polityki Spo\u0142ecznej og\u0142osi\u0142o nab\u00f3r wniosk\u00f3w do programu \u201e<strong>Asystent osobisty osoby z niepe\u0142nosprawno\u015bci\u0105<\/strong>\u201d dla Jednostek Samorz\u0105du Terytorialnego &#8211; <strong>edycja 2026.<\/strong><\/p>\n\n\n\n<p>Gminny O\u015brodek Pomocy Spo\u0142ecznej w Radymnie planuje aplikowa\u0107 o wsparcie finansowe na realizacj\u0119 w\/w Programu. Osoby zainteresowane uczestnictwem w 2026 roku w Programie sk\u0142adaj\u0105 wniosek w postaci Karty zg\u0142oszenia do Programu (za\u0142\u0105cznik nr 7 do Programu) wraz z aktualnie obowi\u0105zuj\u0105cym orzeczeniem o niepe\u0142nosprawno\u015bci lub orzeczeniem r\u00f3wnowa\u017cnym.<\/p>\n\n\n\n<p>&nbsp;Zg\u0142oszenia nale\u017cy sk\u0142ada\u0107 osobi\u015bcie <strong>do dnia 4 wrze\u015bnia 2025 r <\/strong>w Gminnym O\u015brodku Pomocy Spo\u0142ecznej w Radymnie,ul. Lwowska 38, &nbsp;pok\u00f3j &nbsp;nr 3 w godzinach 8:00-14, &nbsp;telefon: 16&nbsp;628 10 05<\/p>\n\n\n\n<p>Z\u0142o\u017cenie Karty zg\u0142oszenia do Programu nie jest jednoznaczne z&nbsp;otrzymaniem wsparcia w&nbsp;roku 2026.<\/p>\n\n\n\n<p>Ilo\u015b\u0107 os\u00f3b obj\u0119tych wsparciem w&nbsp;2026 r. b\u0119dzie uzale\u017cniona od&nbsp; ilo\u015bci otrzymanych \u015brodk\u00f3w na realizacje Programu.<\/p>\n\n\n\n<p><strong>Przed dokonaniem zg\u0142oszenia nale\u017cy&nbsp; szczeg\u00f3\u0142owo&nbsp; zapozna\u0107 si\u0119 z tre\u015bci\u0105 programu <\/strong><a href=\"https:\/\/niepelnosprawni.gov.pl\/program-fs\/nabor-wnioskow-w-ramach-resortowego-programu-ministra-rodziny-pracy-i-polityki-spolecznej-asystent-osobisty-osoby-z-niepelnosprawnoscia-dla-jednostek-samorzadu-terytorialnego\/\">https:\/\/niepelnosprawni.gov.pl\/program-fs\/nabor-wnioskow-w-ramach-resortowego-programu-ministra-rodziny-pracy-i-polityki-spolecznej-asystent-osobisty-osoby-z-niepelnosprawnoscia-dla-jednostek-samorzadu-terytorialnego\/<\/a><\/p>\n\n\n\n<p><a><\/a><strong>Zg\u0142oszenia kt\u00f3re wp\u0142yn\u0105 po wyznaczonym terminie nie zostan\u0105 uwzgl\u0119dnione w tej edycji.<\/strong><\/p>\n\n\n\n<p>Za\u0142\u0105czniki:<\/p>\n\n\n\n<ul class=\"wp-block-list\">\n<li><a href=\"https:\/\/gopsradymno.pl\/wp-content\/uploads\/2025\/08\/Program-AOON-JST-2026.pdf\">Program-AOON-JST-2026<\/a><\/li>\n\n\n\n<li><a href=\"https:\/\/gopsradymno.pl\/wp-content\/uploads\/2025\/08\/Zalacznik-nr-7-do-Programu-AOON-JST-2026_karta-zgloszenia.pdf\">Zalacznik-nr-7-do-Programu-AOON-JST-2026_karta-zgloszenia<\/a><\/li>\n\n\n\n<li><a href=\"https:\/\/gopsradymno.pl\/wp-content\/uploads\/2025\/08\/Zalacznik-nr-8-do-Programu-AOON-JST-2026_karta-zakresu-czynnosci.pdf\">Zalacznik-nr-8-do-Programu-AOON-JST-2026_karta-zakresu-czynnosci<\/a><\/li>\n<\/ul>\n\n\n\n<p><\/p>\n","protected":false},"excerpt":{"rendered":"<p>Ministerstwo Rodziny, Pracy i Polityki Spo\u0142ecznej og\u0142osi\u0142o nab\u00f3r wniosk\u00f3w do programu \u201eAsystent osobisty osoby z niepe\u0142nosprawno\u015bci\u0105\u201d dla Jednostek Samorz\u0105du Terytorialnego &#8211; edycja 2026. Gminny O\u015brodek Pomocy Spo\u0142ecznej w Radymnie planuje aplikowa\u0107 o wsparcie finansowe na realizacj\u0119 w\/w Programu. Osoby zainteresowane uczestnictwem w 2026 roku w Programie sk\u0142adaj\u0105 wniosek w postaci Karty zg\u0142oszenia do Programu (za\u0142\u0105cznik nr 7 do Programu) wraz z aktualnie obowi\u0105zuj\u0105cym orzeczeniem o niepe\u0142nosprawno\u015bci lub orzeczeniem r\u00f3wnowa\u017cnym. &nbsp;Zg\u0142oszenia nale\u017cy sk\u0142ada\u0107 osobi\u015bcie do dnia 4 wrze\u015bnia 2025 r w Gminnym O\u015brodku Pomocy Spo\u0142ecznej w Radymnie,ul. Lwowska 38, &nbsp;pok\u00f3j &nbsp;nr 3 w godzinach 8:00-14, &nbsp;telefon: 16&nbsp;628 10 05 Z\u0142o\u017cenie Karty\u2026<\/p>\n<p> <a class=\"continue-reading-link\" href=\"https:\/\/gopsradymno.pl\/index.php\/2025\/08\/20\/nabor-zgloszen-do-udzialu-w-programie-asystent-osobisty-osoby-z-niepelnosprawnoscia-dla-jednostek-samorzadu-terytorialnego-edycja-2026\/\"><span>Wi\u0119cej<\/span><i class=\"crycon-right-dir\"><\/i><\/a> <\/p>\n","protected":false},"author":2,"featured_media":330,"comment_status":"closed","ping_status":"open","sticky":false,"template":"","format":"standard","meta":{"footnotes":""},"categories":[1,27],"tags":[],"class_list":["post-1347","post","type-post","status-publish","format-standard","has-post-thumbnail","hentry","category-aktualnosci","category-aktualnoscihp"],"_links":{"self":[{"href":"https:\/\/gopsradymno.pl\/index.php\/wp-json\/wp\/v2\/posts\/1347","targetHints":{"allow":["GET"]}}],"collection":[{"href":"https:\/\/gopsradymno.pl\/index.php\/wp-json\/wp\/v2\/posts"}],"about":[{"href":"https:\/\/gopsradymno.pl\/index.php\/wp-json\/wp\/v2\/types\/post"}],"author":[{"embeddable":true,"href":"https:\/\/gopsradymno.pl\/index.php\/wp-json\/wp\/v2\/users\/2"}],"replies":[{"embeddable":true,"href":"https:\/\/gopsradymno.pl\/index.php\/wp-json\/wp\/v2\/comments?post=1347"}],"version-history":[{"count":1,"href":"https:\/\/gopsradymno.pl\/index.php\/wp-json\/wp\/v2\/posts\/1347\/revisions"}],"predecessor-version":[{"id":1351,"href":"https:\/\/gopsradymno.pl\/index.php\/wp-json\/wp\/v2\/posts\/1347\/revisions\/1351"}],"wp:featuredmedia":[{"embeddable":true,"href":"https:\/\/gopsradymno.pl\/index.php\/wp-json\/wp\/v2\/media\/330"}],"wp:attachment":[{"href":"https:\/\/gopsradymno.pl\/index.php\/wp-json\/wp\/v2\/media?parent=1347"}],"wp:term":[{"taxonomy":"category","embeddable":true,"href":"https:\/\/gopsradymno.pl\/index.php\/wp-json\/wp\/v2\/categories?post=1347"},{"taxonomy":"post_tag","embeddable":true,"href":"https:\/\/gopsradymno.pl\/index.php\/wp-json\/wp\/v2\/tags?post=1347"}],"curies":[{"name":"wp","href":"https:\/\/api.w.org\/{rel}","templated":true}]}}