{"id":1352,"date":"2025-08-21T17:12:31","date_gmt":"2025-08-21T15:12:31","guid":{"rendered":"https:\/\/gopsradymno.pl\/?p=1352"},"modified":"2025-08-21T17:13:00","modified_gmt":"2025-08-21T15:13:00","slug":"informacja-odbeda-sie-warsztaty-z-zakresu-bezpieczenstwa-zdrowotnego","status":"publish","type":"post","link":"https:\/\/gopsradymno.pl\/index.php\/2025\/08\/21\/informacja-odbeda-sie-warsztaty-z-zakresu-bezpieczenstwa-zdrowotnego\/","title":{"rendered":"Informacja &#8211; warsztaty z zakresu bezpiecze\u0144stwa zdrowotnego"},"content":{"rendered":"\n<p><\/p>\n\n\n\n<p>\u00a0\u00a0\u00a0\u00a0\u00a0\u00a0\u00a0\u00a0\u00a0\u00a0\u00a0 Gminny O\u015brodek Pomocy Spo\u0142ecznej w Radymnie informuje, \u017ce <strong>w dniu 26 sierpnia 2025 r. w godzinach od 10,00 do 14,00 <\/strong>\u00a0w budynku Urz\u0119du Gminy Radymno, ul. Lwowska 38 na parterze w pokoju nr 8 <strong>odb\u0119d\u0105 si\u0119 warsztaty<\/strong> z zakresu <strong>bezpiecze\u0144stwa zdrowotnego<\/strong> dla uczestnik\u00f3w Programu Fundusze Europejskie na Pomoc \u017bywno\u015bciow\u0105 2021-2027 wsp\u00f3\u0142finansowanego\u00a0z Europejskiego Funduszu Spo\u0142ecznego Plus \u2013 Podprogram 2024 z terenu Gminy Radymno.<\/p>\n\n\n\n<p>Warsztaty obejmowa\u0107 b\u0119d\u0105 nast\u0119puj\u0105ce obszary tematyczne:<\/p>\n\n\n\n<p>&#8211; wsparcie psychologiczne, bezpiecze\u0144stwo finansowe i zarz\u0105dzanie bud\u017cetem domowym, profilaktyka zdrowotna.<\/p>\n\n\n\n<p>Warsztaty b\u0119d\u0105 mia\u0142y charakter praktyczny i edukacyjny, dostosowany do mo\u017cliwo\u015bci i potrzeb uczestnik\u00f3w Programu.<\/p>\n\n\n\n<p>W ramach warsztat\u00f3w b\u0119dzie mo\u017cna skorzysta\u0107 z bezp\u0142atnej konsultacji dietetyka, psychologa.<\/p>\n\n\n\n<p>Zapraszamy do udzia\u0142u w warsztatach.<\/p>\n","protected":false},"excerpt":{"rendered":"<p>\u00a0\u00a0\u00a0\u00a0\u00a0\u00a0\u00a0\u00a0\u00a0\u00a0\u00a0 Gminny O\u015brodek Pomocy Spo\u0142ecznej w Radymnie informuje, \u017ce w dniu 26 sierpnia 2025 r. w godzinach od 10,00 do 14,00 \u00a0w budynku Urz\u0119du Gminy Radymno, ul. Lwowska 38 na parterze w pokoju nr 8 odb\u0119d\u0105 si\u0119 warsztaty z zakresu bezpiecze\u0144stwa zdrowotnego dla uczestnik\u00f3w Programu Fundusze Europejskie na Pomoc \u017bywno\u015bciow\u0105 2021-2027 wsp\u00f3\u0142finansowanego\u00a0z Europejskiego Funduszu Spo\u0142ecznego Plus \u2013 Podprogram 2024 z terenu Gminy Radymno. Warsztaty obejmowa\u0107 b\u0119d\u0105 nast\u0119puj\u0105ce obszary tematyczne: &#8211; wsparcie psychologiczne, bezpiecze\u0144stwo finansowe i zarz\u0105dzanie bud\u017cetem domowym, profilaktyka zdrowotna. Warsztaty b\u0119d\u0105 mia\u0142y charakter praktyczny i edukacyjny, dostosowany do mo\u017cliwo\u015bci i potrzeb uczestnik\u00f3w Programu. W ramach warsztat\u00f3w b\u0119dzie mo\u017cna skorzysta\u0107\u2026<\/p>\n<p> <a class=\"continue-reading-link\" href=\"https:\/\/gopsradymno.pl\/index.php\/2025\/08\/21\/informacja-odbeda-sie-warsztaty-z-zakresu-bezpieczenstwa-zdrowotnego\/\"><span>Wi\u0119cej<\/span><i class=\"crycon-right-dir\"><\/i><\/a> <\/p>\n","protected":false},"author":2,"featured_media":330,"comment_status":"closed","ping_status":"open","sticky":false,"template":"","format":"standard","meta":{"footnotes":""},"categories":[1,27],"tags":[],"class_list":["post-1352","post","type-post","status-publish","format-standard","has-post-thumbnail","hentry","category-aktualnosci","category-aktualnoscihp"],"_links":{"self":[{"href":"https:\/\/gopsradymno.pl\/index.php\/wp-json\/wp\/v2\/posts\/1352","targetHints":{"allow":["GET"]}}],"collection":[{"href":"https:\/\/gopsradymno.pl\/index.php\/wp-json\/wp\/v2\/posts"}],"about":[{"href":"https:\/\/gopsradymno.pl\/index.php\/wp-json\/wp\/v2\/types\/post"}],"author":[{"embeddable":true,"href":"https:\/\/gopsradymno.pl\/index.php\/wp-json\/wp\/v2\/users\/2"}],"replies":[{"embeddable":true,"href":"https:\/\/gopsradymno.pl\/index.php\/wp-json\/wp\/v2\/comments?post=1352"}],"version-history":[{"count":2,"href":"https:\/\/gopsradymno.pl\/index.php\/wp-json\/wp\/v2\/posts\/1352\/revisions"}],"predecessor-version":[{"id":1354,"href":"https:\/\/gopsradymno.pl\/index.php\/wp-json\/wp\/v2\/posts\/1352\/revisions\/1354"}],"wp:featuredmedia":[{"embeddable":true,"href":"https:\/\/gopsradymno.pl\/index.php\/wp-json\/wp\/v2\/media\/330"}],"wp:attachment":[{"href":"https:\/\/gopsradymno.pl\/index.php\/wp-json\/wp\/v2\/media?parent=1352"}],"wp:term":[{"taxonomy":"category","embeddable":true,"href":"https:\/\/gopsradymno.pl\/index.php\/wp-json\/wp\/v2\/categories?post=1352"},{"taxonomy":"post_tag","embeddable":true,"href":"https:\/\/gopsradymno.pl\/index.php\/wp-json\/wp\/v2\/tags?post=1352"}],"curies":[{"name":"wp","href":"https:\/\/api.w.org\/{rel}","templated":true}]}}