{"id":1363,"date":"2025-10-16T16:49:00","date_gmt":"2025-10-16T14:49:00","guid":{"rendered":"https:\/\/gopsradymno.pl\/?p=1363"},"modified":"2025-10-17T08:50:37","modified_gmt":"2025-10-17T06:50:37","slug":"nabor-zgloszen-do-udzialu-w-programie-opieka-wytchnieniowa-dla-jednostek-samorzadu-terytorialnego-edycja-2026","status":"publish","type":"post","link":"https:\/\/gopsradymno.pl\/index.php\/2025\/10\/16\/nabor-zgloszen-do-udzialu-w-programie-opieka-wytchnieniowa-dla-jednostek-samorzadu-terytorialnego-edycja-2026\/","title":{"rendered":"Nab\u00f3r zg\u0142osze\u0144 do udzia\u0142u w\u00a0Programie \u201eOpieka wytchnieniowa\u201d \u2013 dla Jednostek Samorz\u0105du Terytorialnego \u2013 edycja 2026"},"content":{"rendered":"\n<h2 class=\"wp-block-heading\"><\/h2>\n\n\n\n<p>Ministerstwo Rodziny, Pracy i&nbsp;Polityki Spo\u0142ecznej og\u0142osi\u0142o nab\u00f3r wniosk\u00f3w do Programu&nbsp;<strong><em>\u201eOpieka wytchnieniowa\u201d \u2013 dla Jednostek Samorz\u0105du Terytorialnego \u2013 edycja 2026<\/em><\/strong><\/p>\n\n\n\n<p>Gminny O\u015brodek Pomocy Spo\u0142ecznej w\u00a0Radymnie planuje aplikowa\u0107 o\u00a0wsparcie finansowe na realizacj\u0119 w\/w Programu. Osoby zainteresowane uczestnictwem w\u00a02026 roku w\u00a0Programie sk\u0142adaj\u0105 wniosek w\u00a0postaci Karty zg\u0142oszenia (za\u0142\u0105cznik nr 7 do Programu) wraz z\u00a0kserokopi\u0105 aktualnie obowi\u0105zuj\u0105cego orzeczenia o\u00a0niepe\u0142nosprawno\u015bci\/znacznym stopniu niepe\u0142nosprawno\u015bci. Zg\u0142oszenia prosimy sk\u0142ada\u0107 osobi\u015bcie\u00a0<strong>do dnia 27 pa\u017adziernika 2025 r\u00a0<\/strong>w Gminnym O\u015brodku Pomocy Spo\u0142ecznej w\u00a0Radymnie, ul. Lwowska 38,\u00a0pok\u00f3j nr 3\u00a0w godzinach 8:00-14,\u00a0 telefon: 16\u00a0628 10 05, e-mail:\u00a0<a href=\"mailto:gops@gopsradymno.pl\">gops@gopsradymno.pl<\/a><\/p>\n\n\n\n<p>G\u0142\u00f3wnym celem programu jest wsparcie cz\u0142onk\u00f3w rodzin lub opiekun\u00f3w os\u00f3b sprawuj\u0105cych bezpo\u015bredni\u0105 opiek\u0119 nad:<\/p>\n\n\n\n<ul class=\"wp-block-list\">\n<li>dzie\u0107mi z&nbsp;orzeczeniem o&nbsp;niepe\u0142nosprawno\u015bci,<\/li>\n\n\n\n<li>osobami posiadaj\u0105cymi: orzeczenie o&nbsp;znacznym stopniu niepe\u0142nosprawno\u015bci (zgodnie z&nbsp;ustaw\u0105 z&nbsp;dnia 27&nbsp;sierpnia 1997 r. o&nbsp;rehabilitacji zawodowej i&nbsp;spo\u0142ecznej oraz zatrudnianiu os\u00f3b niepe\u0142nosprawnych ) albo orzeczenie traktowane na r\u00f3wni z&nbsp;orzeczeniem o&nbsp;znacznym stopniu niepe\u0142nosprawno\u015bci (zgodnie z&nbsp;art. 5 i&nbsp;art. 62 ww. ustawy z&nbsp;dnia 27&nbsp;sierpnia 1997 r. o&nbsp;rehabilitacji zawodowej i&nbsp;spo\u0142ecznej oraz zatrudnianiu os\u00f3b niepe\u0142nosprawnych)<\/li>\n<\/ul>\n\n\n\n<p>Z\u0142o\u017cenie Karty zg\u0142oszenia do Programu nie jest jednoznaczne z&nbsp;otrzymaniem wsparcia w&nbsp;roku 2026. Ilo\u015b\u0107 os\u00f3b obj\u0119tych wsparciem w&nbsp;2026 r. b\u0119dzie uzale\u017cniona od&nbsp; ilo\u015bci otrzymanych \u015brodk\u00f3w na realizacje Programu.<\/p>\n\n\n\n<p><strong>Przed dokonaniem zg\u0142oszenia nale\u017cy&nbsp; szczeg\u00f3\u0142owo&nbsp; zapozna\u0107 si\u0119 z&nbsp;tre\u015bci\u0105 programu&nbsp;<\/strong><a href=\"https:\/\/www.gov.pl\/web\/uw-opolski\/opieka-wytchnieniowa-dla-jednostek-samorzadu-terytorialnego--edycja-2026\">https:\/\/www.gov.pl\/web\/uw-opolski\/opieka-wytchnieniowa-dla-jednostek-samorzadu-terytorialnego&#8211;edycja-2026<\/a>&nbsp; lub&nbsp;&nbsp;<a href=\"https:\/\/niepelnosprawni.gov.pl\/program-fs\/nabor-wnioskow-w-ramach-resortowego-programu-ministra-rodziny-pracy-i-polityki-spolecznej-opieka-wytchnieniowa-dla-jednostek-samorzadu-terytorialnego-edycja-2026\/\">https:\/\/niepelnosprawni.gov.pl\/program-fs\/nabor-wnioskow-w-ramach-resortowego-programu-ministra-rodziny-pracy-i-polityki-spolecznej-opieka-wytchnieniowa-dla-jednostek-samorzadu-terytorialnego-edycja-2026\/<\/a><\/p>\n\n\n\n<p>Zg\u0142oszenia kt\u00f3re wp\u0142yn\u0105 po wyznaczonym terminie nie zostan\u0105 uwzgl\u0119dnione w&nbsp;tej edycji.<\/p>\n\n\n\n<p>Za\u0142\u0105czniki:<\/p>\n\n\n\n<ul class=\"wp-block-list\">\n<li><a href=\"https:\/\/gops.radymno.biuletyn.net\/fls\/bip_pliki\/2025_10\/BIPF64145B7E513EFZ\/PROGRAM-OW-JST-EDYCJA-2026.pdf\">PROGRAM-OW-JST-EDYCJA-2026.pdf<\/a><\/li>\n\n\n\n<li><a href=\"https:\/\/gops.radymno.biuletyn.net\/fls\/bip_pliki\/2025_10\/BIPF64145B7DEFC4CZ\/Zalacznik-nr-7-do-Programu-OW-JST-2026_karta-zgloszenia.pdf\">Zalacznik-nr-7-do-Programu-OW-JST-2026_karta-zgloszenia.pdf<\/a><\/li>\n\n\n\n<li><a href=\"https:\/\/gops.radymno.biuletyn.net\/fls\/bip_pliki\/2025_10\/BIPF64145B7E1942CZ\/Zalacznik-nr-8-do-Programu-OW-JST-2026_karta-realizacji-uslug.pdf\">Zalacznik-nr-8-do-Programu-OW-JST-2026_karta-realizacji-uslug.pdf<\/a><\/li>\n<\/ul>\n","protected":false},"excerpt":{"rendered":"<p>Ministerstwo Rodziny, Pracy i&nbsp;Polityki Spo\u0142ecznej og\u0142osi\u0142o nab\u00f3r wniosk\u00f3w do Programu&nbsp;\u201eOpieka wytchnieniowa\u201d \u2013 dla Jednostek Samorz\u0105du Terytorialnego \u2013 edycja 2026 Gminny O\u015brodek Pomocy Spo\u0142ecznej w\u00a0Radymnie planuje aplikowa\u0107 o\u00a0wsparcie finansowe na realizacj\u0119 w\/w Programu. Osoby zainteresowane uczestnictwem w\u00a02026 roku w\u00a0Programie sk\u0142adaj\u0105 wniosek w\u00a0postaci Karty zg\u0142oszenia (za\u0142\u0105cznik nr 7 do Programu) wraz z\u00a0kserokopi\u0105 aktualnie obowi\u0105zuj\u0105cego orzeczenia o\u00a0niepe\u0142nosprawno\u015bci\/znacznym stopniu niepe\u0142nosprawno\u015bci. Zg\u0142oszenia prosimy sk\u0142ada\u0107 osobi\u015bcie\u00a0do dnia 27 pa\u017adziernika 2025 r\u00a0w Gminnym O\u015brodku Pomocy Spo\u0142ecznej w\u00a0Radymnie, ul. Lwowska 38,\u00a0pok\u00f3j nr 3\u00a0w godzinach 8:00-14,\u00a0 telefon: 16\u00a0628 10 05, e-mail:\u00a0gops@gopsradymno.pl G\u0142\u00f3wnym celem programu jest wsparcie cz\u0142onk\u00f3w rodzin lub opiekun\u00f3w os\u00f3b sprawuj\u0105cych bezpo\u015bredni\u0105 opiek\u0119 nad: Z\u0142o\u017cenie Karty zg\u0142oszenia do\u2026<\/p>\n<p> <a class=\"continue-reading-link\" href=\"https:\/\/gopsradymno.pl\/index.php\/2025\/10\/16\/nabor-zgloszen-do-udzialu-w-programie-opieka-wytchnieniowa-dla-jednostek-samorzadu-terytorialnego-edycja-2026\/\"><span>Wi\u0119cej<\/span><i class=\"crycon-right-dir\"><\/i><\/a> <\/p>\n","protected":false},"author":2,"featured_media":0,"comment_status":"closed","ping_status":"open","sticky":false,"template":"","format":"standard","meta":{"footnotes":""},"categories":[1,27],"tags":[],"class_list":["post-1363","post","type-post","status-publish","format-standard","hentry","category-aktualnosci","category-aktualnoscihp"],"_links":{"self":[{"href":"https:\/\/gopsradymno.pl\/index.php\/wp-json\/wp\/v2\/posts\/1363","targetHints":{"allow":["GET"]}}],"collection":[{"href":"https:\/\/gopsradymno.pl\/index.php\/wp-json\/wp\/v2\/posts"}],"about":[{"href":"https:\/\/gopsradymno.pl\/index.php\/wp-json\/wp\/v2\/types\/post"}],"author":[{"embeddable":true,"href":"https:\/\/gopsradymno.pl\/index.php\/wp-json\/wp\/v2\/users\/2"}],"replies":[{"embeddable":true,"href":"https:\/\/gopsradymno.pl\/index.php\/wp-json\/wp\/v2\/comments?post=1363"}],"version-history":[{"count":2,"href":"https:\/\/gopsradymno.pl\/index.php\/wp-json\/wp\/v2\/posts\/1363\/revisions"}],"predecessor-version":[{"id":1365,"href":"https:\/\/gopsradymno.pl\/index.php\/wp-json\/wp\/v2\/posts\/1363\/revisions\/1365"}],"wp:attachment":[{"href":"https:\/\/gopsradymno.pl\/index.php\/wp-json\/wp\/v2\/media?parent=1363"}],"wp:term":[{"taxonomy":"category","embeddable":true,"href":"https:\/\/gopsradymno.pl\/index.php\/wp-json\/wp\/v2\/categories?post=1363"},{"taxonomy":"post_tag","embeddable":true,"href":"https:\/\/gopsradymno.pl\/index.php\/wp-json\/wp\/v2\/tags?post=1363"}],"curies":[{"name":"wp","href":"https:\/\/api.w.org\/{rel}","templated":true}]}}