{"id":1386,"date":"2026-03-03T21:59:04","date_gmt":"2026-03-03T20:59:04","guid":{"rendered":"https:\/\/gopsradymno.pl\/?p=1386"},"modified":"2026-03-03T21:59:04","modified_gmt":"2026-03-03T20:59:04","slug":"program-fundusze-europejskie-na-pomoc-zywnosciowa-2021-2027-2","status":"publish","type":"post","link":"https:\/\/gopsradymno.pl\/index.php\/2026\/03\/03\/program-fundusze-europejskie-na-pomoc-zywnosciowa-2021-2027-2\/","title":{"rendered":"Program Fundusze Europejskie na Pomoc \u017bywno\u015bciow\u0105 2021-2027"},"content":{"rendered":"\n<h2 class=\"wp-block-heading\"><\/h2>\n\n\n\n<p>Informujemy, i\u017c&nbsp;rozpoczyna si\u0119 kolejny etap wsparcia \u017cywno\u015bciowego dla os\u00f3b potrzebuj\u0105cych w ramach <strong>Programu Fundusze Europejskie na Pomoc \u017bywno\u015bciow\u0105 2021-2027 wsp\u00f3\u0142finan<a><\/a>sowany z&nbsp;Europejskiego Funduszu Spo\u0142ecznego Plus \u2013 Podprogram 2025, <\/strong>kt\u00f3ry zaplanowany jest na okres <strong>od&nbsp; marca &#8211; wrzesie\u0144 2026 r.<\/strong><\/p>\n\n\n\n<h1 class=\"wp-block-heading\">POMOC &nbsp;\u017bYWNO\u015aCIOWA w&nbsp;2026 roku<\/h1>\n\n\n\n<p>&nbsp; Gminny O\u015brodek Pomocy Spo\u0142ecznej w&nbsp;Radymnie informuje o&nbsp;rozpocz\u0119ciu&nbsp; od 2 marca 2026 r.&nbsp;realizacji <em><strong>Programu Fundusze Europejskie na Pomoc \u017bywno\u015bciow\u0105 2021-2027 wsp\u00f3\u0142finansowanego z&nbsp;Europejskiego Funduszu Spo\u0142ecznego Plus &#8211; Podprogram 2025<\/strong><\/em> w&nbsp;<strong>2026 roku <\/strong><strong>dla mieszka\u0144c\u00f3w Gminy Radymno.<\/strong><\/p>\n\n\n\n<p>&nbsp;&nbsp;&nbsp;&nbsp; &nbsp;<strong>Wsparcie w&nbsp;postaci&nbsp; gotowych artyku\u0142\u00f3w spo\u017cywczych mog\u0105 otrzyma\u0107 osoby potrzebuj\u0105ce\/rodziny b\u0119d\u0105ce w&nbsp;trudnej sytuacji i&nbsp;spe\u0142niaj\u0105ce <\/strong><strong>kryteria okre\u015blone w art. 7 ustawy o pomocy&nbsp;spo\u0142ecznej, kt\u00f3rych doch\u00f3d nie przekracza 265% kryterium dochodowego<\/strong> uprawniaj\u0105cego&nbsp; do skorzystania &nbsp;z pomocy spo\u0142ecznej tj.:<\/p>\n\n\n\n<p><strong>&#8211; 2 676,50 z\u0142<\/strong> dla osoby samotnie gospodaruj\u0105cej<\/p>\n\n\n\n<p><strong>&#8211; 2 180,95 z\u0142<\/strong> dla osoby w&nbsp;rodzinie<\/p>\n\n\n\n<p><strong>Aby otrzyma\u0107 pomoc \u017cywno\u015bciow\u0105 <\/strong>nale\u017cy zg\u0142osi\u0107 si\u0119 do Gminnego&nbsp; O\u015brodka Pomocy Spo\u0142ecznej w&nbsp;Radymnie ul. Lwowska 38 (budynek Urz\u0119du Gminy Radymno) do pokoju nr 3, w&nbsp;dniach od poniedzia\u0142ku do pi\u0105tku w&nbsp;godzinach od 8,00 do 14,30 <strong>celem uzyskania wymaganego skierowania. <\/strong>Warunkiem skorzystania z&nbsp;pomocy jest otrzymanie skierowania z&nbsp;Gminnego O\u015brodka Pomocy Spo\u0142ecznej w&nbsp;Radymnie, kt\u00f3re wydawane jest na podstawie o\u015bwiadczenia o&nbsp;dochodach z&nbsp;miesi\u0105ca poprzedzaj\u0105cego z\u0142o\u017cenie wniosku.<\/p>\n\n\n\n<p>Prosimy o zabranie ze sob\u0105 dowodu osobistego oraz dokument\u00f3w po\u015bwiadczaj\u0105cych:<br>&#8211; &nbsp;dochody (za miesi\u0105c poprzedzaj\u0105cy z\u0142o\u017cenie wniosku) np. decyzja ZUS, KRUS, odcinek z emerytury\/renty, za\u015bwiadczenie o dochodach,&nbsp; (nakazy p\u0142atnicze w wypadku posiadania gruntu w celu przeliczenia dochodu z gospodarstwa rolnego),<\/p>\n\n\n\n<p>&#8211; niepe\u0142nosprawno\u015b\u0107 (je\u015bli dotyczy &#8211; orzeczenie).<\/p>\n\n\n\n<p><strong>Artyku\u0142y spo\u017cywcze dla mieszka\u0144c\u00f3w Gminy Radymno wydawane b\u0119d\u0105 &nbsp;&nbsp;&nbsp;&nbsp;&nbsp;&nbsp;&nbsp;&nbsp;&nbsp;&nbsp;&nbsp;&nbsp;&nbsp;&nbsp;&nbsp;&nbsp;&nbsp;&nbsp;&nbsp;&nbsp;&nbsp;&nbsp;&nbsp;&nbsp;&nbsp;&nbsp;&nbsp;&nbsp;&nbsp;&nbsp;&nbsp;od poniedzia\u0142ku do pi\u0105tku w&nbsp;godz. od 8.30 do 13.00&nbsp;w punkcie wydawania \u017cywno\u015bci w&nbsp;Jaros\u0142awiu przy ul. Reymonta 2.<\/strong><\/p>\n\n\n\n<p><strong>Osoba\/rodzina zakwalifikowana do ww. <\/strong><em><strong>Programu<\/strong><\/em><strong> otrzyma paczki \u017cywno\u015bciowe w&nbsp;terminach okre\u015blonych przez Realizatora, kt\u00f3rym jest Zarz\u0105d Okr\u0119gowy Polski Komitet Pomocy Spo\u0142ecznej w&nbsp;Przemy\u015blu. <\/strong><strong>Dzia\u0142ania towarzysz\u0105ce &#8211;<\/strong>W ramach programu realizowane b\u0119d\u0105 r\u00f3wnie\u017c dzia\u0142ania towarzysz\u0105ce o charakterze indywidualnym lub zbiorowym, m.in. doradztwo indywidualne,&nbsp; wsparcie psychologiczne, bezpiecze\u0144stwo finansowe i zarz\u0105dzanie bud\u017cetem, profilaktyka zdrowotna.<\/p>\n","protected":false},"excerpt":{"rendered":"<p>Informujemy, i\u017c&nbsp;rozpoczyna si\u0119 kolejny etap wsparcia \u017cywno\u015bciowego dla os\u00f3b potrzebuj\u0105cych w ramach Programu Fundusze Europejskie na Pomoc \u017bywno\u015bciow\u0105 2021-2027 wsp\u00f3\u0142finansowany z&nbsp;Europejskiego Funduszu Spo\u0142ecznego Plus \u2013 Podprogram 2025, kt\u00f3ry zaplanowany jest na okres od&nbsp; marca &#8211; wrzesie\u0144 2026 r. POMOC &nbsp;\u017bYWNO\u015aCIOWA w&nbsp;2026 roku &nbsp; Gminny O\u015brodek Pomocy Spo\u0142ecznej w&nbsp;Radymnie informuje o&nbsp;rozpocz\u0119ciu&nbsp; od 2 marca 2026 r.&nbsp;realizacji Programu Fundusze Europejskie na Pomoc \u017bywno\u015bciow\u0105 2021-2027 wsp\u00f3\u0142finansowanego z&nbsp;Europejskiego Funduszu Spo\u0142ecznego Plus &#8211; Podprogram 2025 w&nbsp;2026 roku dla mieszka\u0144c\u00f3w Gminy Radymno. &nbsp;&nbsp;&nbsp;&nbsp; &nbsp;Wsparcie w&nbsp;postaci&nbsp; gotowych artyku\u0142\u00f3w spo\u017cywczych mog\u0105 otrzyma\u0107 osoby potrzebuj\u0105ce\/rodziny b\u0119d\u0105ce w&nbsp;trudnej sytuacji i&nbsp;spe\u0142niaj\u0105ce kryteria okre\u015blone w art. 7 ustawy o pomocy&nbsp;spo\u0142ecznej, kt\u00f3rych doch\u00f3d\u2026<\/p>\n<p> <a class=\"continue-reading-link\" href=\"https:\/\/gopsradymno.pl\/index.php\/2026\/03\/03\/program-fundusze-europejskie-na-pomoc-zywnosciowa-2021-2027-2\/\"><span>Wi\u0119cej<\/span><i class=\"crycon-right-dir\"><\/i><\/a> <\/p>\n","protected":false},"author":2,"featured_media":328,"comment_status":"closed","ping_status":"open","sticky":false,"template":"","format":"standard","meta":{"footnotes":""},"categories":[1,27],"tags":[],"class_list":["post-1386","post","type-post","status-publish","format-standard","has-post-thumbnail","hentry","category-aktualnosci","category-aktualnoscihp"],"_links":{"self":[{"href":"https:\/\/gopsradymno.pl\/index.php\/wp-json\/wp\/v2\/posts\/1386","targetHints":{"allow":["GET"]}}],"collection":[{"href":"https:\/\/gopsradymno.pl\/index.php\/wp-json\/wp\/v2\/posts"}],"about":[{"href":"https:\/\/gopsradymno.pl\/index.php\/wp-json\/wp\/v2\/types\/post"}],"author":[{"embeddable":true,"href":"https:\/\/gopsradymno.pl\/index.php\/wp-json\/wp\/v2\/users\/2"}],"replies":[{"embeddable":true,"href":"https:\/\/gopsradymno.pl\/index.php\/wp-json\/wp\/v2\/comments?post=1386"}],"version-history":[{"count":1,"href":"https:\/\/gopsradymno.pl\/index.php\/wp-json\/wp\/v2\/posts\/1386\/revisions"}],"predecessor-version":[{"id":1387,"href":"https:\/\/gopsradymno.pl\/index.php\/wp-json\/wp\/v2\/posts\/1386\/revisions\/1387"}],"wp:featuredmedia":[{"embeddable":true,"href":"https:\/\/gopsradymno.pl\/index.php\/wp-json\/wp\/v2\/media\/328"}],"wp:attachment":[{"href":"https:\/\/gopsradymno.pl\/index.php\/wp-json\/wp\/v2\/media?parent=1386"}],"wp:term":[{"taxonomy":"category","embeddable":true,"href":"https:\/\/gopsradymno.pl\/index.php\/wp-json\/wp\/v2\/categories?post=1386"},{"taxonomy":"post_tag","embeddable":true,"href":"https:\/\/gopsradymno.pl\/index.php\/wp-json\/wp\/v2\/tags?post=1386"}],"curies":[{"name":"wp","href":"https:\/\/api.w.org\/{rel}","templated":true}]}}